{"id":71,"date":"2018-08-09T22:36:15","date_gmt":"2018-08-09T20:36:15","guid":{"rendered":"https:\/\/woo.audacieuse-galerie.ch\/hcowertige-drucken\/"},"modified":"2024-05-14T14:56:38","modified_gmt":"2024-05-14T12:56:38","slug":"hcowertige-drucken","status":"publish","type":"post","link":"https:\/\/www.audacieuse-galerie.ch\/de\/hcowertige-drucken\/","title":{"rendered":"Die Qualit\u00e4t der Kunstfotografie"},"content":{"rendered":"\t\t<div data-elementor-type=\"wp-post\" data-elementor-id=\"71\" class=\"elementor elementor-71 elementor-62\">\n\t\t\t\t<div class=\"elementor-element elementor-element-5ed9967a thegem-e-con-layout-thegem e-flex e-con-boxed e-con e-parent\" data-id=\"5ed9967a\" data-element_type=\"container\" data-e-type=\"container\" data-settings=\"{&quot;thegem_container_layout&quot;:&quot;thegem&quot;}\">\r\n\t\t\t\t\t<div class=\"e-con-inner\">\r\n\t\t\t\t<div class=\"elementor-element elementor-element-33ad243c flex-horizontal-align-default flex-horizontal-align-tablet-default flex-horizontal-align-mobile-default flex-vertical-align-default flex-vertical-align-tablet-default flex-vertical-align-mobile-default elementor-widget elementor-widget-text-editor\" data-id=\"33ad243c\" data-element_type=\"widget\" data-e-type=\"widget\" data-widget_type=\"text-editor.default\">\n\t\t\t\t\t\t\t\t\t\t\t\t<div class=\"elementor-text-editor elementor-clearfix\">\r\n\t\t\t\t\t\t\n<h1>Hochwertige Drucke oder Drucke<\/h1>\n<div class=\"clearfix\">\n<div class=\"col-xs-6\"><img fetchpriority=\"high\" class=\" size-full wp-image-56\" src=\"https:\/\/woo.audacieuse-galerie.ch\/wp-content\/uploads\/2018\/08\/imprimante-imprimante-certifiee.jpg\" alt=\"Zertifizierter Drucker\" width=\"400\" height=\"400\" srcset=\"https:\/\/www.audacieuse-galerie.ch\/wp-content\/uploads\/2018\/08\/imprimante-imprimante-certifiee.jpg 400w, https:\/\/www.audacieuse-galerie.ch\/wp-content\/uploads\/2018\/08\/imprimante-imprimante-certifiee-180x180.jpg 180w, https:\/\/www.audacieuse-galerie.ch\/wp-content\/uploads\/2018\/08\/imprimante-imprimante-certifiee-300x300.jpg 300w, https:\/\/www.audacieuse-galerie.ch\/wp-content\/uploads\/2018\/08\/imprimante-imprimante-certifiee-150x150.jpg 150w\" sizes=\"(max-width: 400px) 100vw, 400px\" \/><\/div>\n<div class=\"col-xs-6\">\n<h2>Farbige, hochwertige Inkjet-Drucke<\/h2>\nUnsere Drucker und Plotter werden regelm\u00e4\u00dfig \u00fcberpr\u00fcft. Die Farbwiedergabe wird mit einem Spektrometer-Kolorimeter \u00fcberpr\u00fcft und die Ausrichtung der Druckk\u00f6pfe regelm\u00e4\u00dfig korrigiert. Wir w\u00e4hlen Tinten, die garantiert sehr best\u00e4ndig gegen UV-Strahlen sind, und wir verwenden Markenpapiere, die im Laufe der Zeit oxidationsbest\u00e4ndiger sind. Unsere gesamte Grafikkette ist vollst\u00e4ndig kalibriert, vom Computerbildschirm bis zum Drucker. Wir verwenden leistungsstarkes professionelles Equipment, um Ihnen das beste Bild zu bieten.\n\n<\/div>\n<\/div>\n<div class=\"clearfix\">\n<div class=\"col-xs-6\">\n<h2>Hochwertige Drucke<\/h2>\nWenn Filmfotografie das Beste verdient. Unser Labor ist bestrebt, uns die besten Drucke zur Verf\u00fcgung zu stellen. Alte Verfahren, Baryt- und Silberdrucke von wundersch\u00f6ner Verarbeitung suchen ihresgleichen.\n\n<\/div>\n<div class=\"col-xs-6\"><img class=\" size-full wp-image-59\" src=\"https:\/\/woo.audacieuse-galerie.ch\/wp-content\/uploads\/2018\/08\/agrandisseur-agrandisseur-certifie.jpg\" alt=\"Zertifizierter Vergr\u00f6\u00dferungsger\u00e4t\" width=\"400\" height=\"400\" srcset=\"https:\/\/www.audacieuse-galerie.ch\/wp-content\/uploads\/2018\/08\/agrandisseur-agrandisseur-certifie.jpg 400w, https:\/\/www.audacieuse-galerie.ch\/wp-content\/uploads\/2018\/08\/agrandisseur-agrandisseur-certifie-180x180.jpg 180w, https:\/\/www.audacieuse-galerie.ch\/wp-content\/uploads\/2018\/08\/agrandisseur-agrandisseur-certifie-300x300.jpg 300w, https:\/\/www.audacieuse-galerie.ch\/wp-content\/uploads\/2018\/08\/agrandisseur-agrandisseur-certifie-150x150.jpg 150w\" sizes=\"(max-width: 400px) 100vw, 400px\" \/><\/div>\n<\/div>\n<div class=\"clearfix\">\n<div class=\"col-xs-12\">\n<h2>Unterschiedliche Papiere, Texturen und Verwendungsm\u00f6glichkeiten<\/h2>\nWir haben das Bild auf verschiedene Papiere gebracht. Von glatt bis am texturiertesten. Von den hellsten bis zu den mattesten. Von den wei\u00dfesten bis zu den nat\u00fcrlichsten.\n<ul>\n \t<li><strong>Museumsdrucke zu den Sammlungen:<\/strong> Von den Herstellern bis zu 200 Jahre garantiert, in nat\u00fcrlichen Farben, da sie keine optischen Aufheller enthalten. Diese s\u00e4urefreien, feuchtigkeitsbest\u00e4ndigen Papiere haben einen neutralen pH-Wert und greifen die Tinten nicht an. Diese Papiere halten im Laufe der Zeit besser.<\/li>\n \t<li><strong>Barytpapiere<\/strong> mit tiefen Schwarzt\u00f6nen, f\u00fcr Drucke, aber auch zum Drucken! Mit einer Baryt- oder Bariumsulfatbeschichtung haben diese Papiere einen sehr charakteristischen Glanz, der die Intensit\u00e4t der Kontraste forciert und feine Farbt\u00f6ne noch besser definiert. Schwarz-Wei\u00df zeichnet sich durch die au\u00dfergew\u00f6hnliche Textur dieses Papiers aus. Beispiel: Hahnem\u00fchle(R) FineArt Baryta.<\/li>\n \t<li><strong>Papiere mit satinierter Oberfl\u00e4che<\/strong> : Sehr lebendige Farben und sehr detailreiche Bilder, aber auch sehr tiefe Schwarzt\u00f6ne. Die Zusammensetzung aus 100% Zellulosefasern, s\u00e4urefrei und ohne optische Aufheller, erm\u00f6glicht es dem FineArt Baryta Satin, die Norm ISO 9706 zu erf\u00fcllen, was eine maximale Langlebigkeit der Drucke gew\u00e4hrleistet.<\/li>\n \t<li><strong>Dicke, matte und strukturierte Papiere mit einer sehr sch\u00f6nen traditionellen Maserung.<\/strong>  Die Schwarzt\u00f6ne auf diesen Papieren sind flacher, aber das Bild gewinnt an Authentizit\u00e4t und hat eine unvergleichliche Note, wie ein handgesch\u00f6pftes Kunstdruckpapier oder Aquarell. Entdecken Sie das William Turner Hahnem\u00fchle(R) Papier oder die Museum Etching Fransenkanten von Hahnem\u00fchle, mit unregelm\u00e4\u00dfigen und gefransten R\u00e4ndern, wie z.B. gepresste Papiere oder japanisches Bizan-Papier von Awagami(R).<\/li>\n \t<li><strong>Bambuspapiere<\/strong> , die dem Bild eine spirituelle und nat\u00fcrliche Dimension verleihen. Diese Papiere begrenzen die Ressourcen, die f\u00fcr die Herstellung verwendet werden. Sie sind umweltfreundlicher und wirtschaftlicher. Dar\u00fcber hinaus sind sie sehr widerstandsf\u00e4hig gegen die Zeit.<\/li>\n \t<li><strong>Papiere mit sehr tiefem Wei\u00df,<\/strong> ideal zur Erh\u00f6hung von Kontrasten und Farben. Ein ultraglattes Finish aus 100 % Baumwolle sorgt f\u00fcr eine homogene Oberfl\u00e4che der Papiere. Wir empfehlen sie f\u00fcr tempor\u00e4re Ausstellungen. Leicht sauer (durch Kalziumkarbonat neutralisiert) und durch optische Aufheller gebleicht, betr\u00e4gt ihre Haltbarkeit nicht mehr als 20 Jahre.<\/li>\n<\/ul>\n\t\t\t\t\t\t\t<\/div>\r\n\t\t\t\t\t\t\t\t\t\t<\/div>\n\t\t\t\t\t<\/div>\n\t\t\t\t<\/div>\n\t\t<div class=\"elementor-element elementor-element-1bea0a0 thegem-e-con-layout-thegem e-flex e-con-boxed e-con e-parent\" data-id=\"1bea0a0\" data-element_type=\"container\" data-e-type=\"container\" data-settings=\"{&quot;thegem_container_layout&quot;:&quot;thegem&quot;}\">\r\n\t\t\t\t\t<div class=\"e-con-inner\">\r\n\t\t\t\t<div class=\"elementor-element elementor-element-f92f36d elementor-widget-divider--view-line flex-horizontal-align-default flex-horizontal-align-tablet-default flex-horizontal-align-mobile-default flex-vertical-align-default flex-vertical-align-tablet-default flex-vertical-align-mobile-default elementor-widget elementor-widget-divider\" data-id=\"f92f36d\" data-element_type=\"widget\" data-e-type=\"widget\" data-widget_type=\"divider.default\">\n\t\t\t\t\t\t\t<div class=\"elementor-divider\">\n\t\t\t<span class=\"elementor-divider-separator\">\n\t\t\t\t\t\t<\/span>\n\t\t<\/div>\n\t\t\t\t\t\t<\/div>\n\t\t\t\t<div class=\"elementor-element elementor-element-627931e flex-horizontal-align-default flex-horizontal-align-tablet-default flex-horizontal-align-mobile-default flex-vertical-align-default flex-vertical-align-tablet-default flex-vertical-align-mobile-default elementor-widget elementor-widget-text-editor\" data-id=\"627931e\" data-element_type=\"widget\" data-e-type=\"widget\" data-widget_type=\"text-editor.default\">\n\t\t\t\t\t\t\t\t\t\t\t\t<div class=\"elementor-text-editor elementor-clearfix\">\r\n\t\t\t\t\t\t\n<h1>Hochwertige, graue Inkjet-Drucke<\/h1>\nUnsere Drucker und Plotter werden regelm\u00e4\u00dfig \u00fcberpr\u00fcft. Die Wiedergabe der Farbt\u00f6ne wird mit einem Spektrometer-Kolorimeter \u00fcberpr\u00fcft, und die Ausrichtung der Druckk\u00f6pfe wird regelm\u00e4\u00dfig optimiert. Wir w\u00e4hlen Tinten, die garantiert sehr best\u00e4ndig gegen UV-Strahlen sind, und wir verwenden Markenpapiere, die im Laufe der Zeit oxidationsbest\u00e4ndiger sind. Unsere gesamte Grafikkette ist vollst\u00e4ndig kalibriert, vom Computerbildschirm bis zum Drucker. Wir verwenden leistungsstarkes professionelles Equipment, um Ihnen das beste Bild zu bieten.\n<p style=\"text-align: center\"><img class=\" size-full wp-image-319\" src=\"https:\/\/woo.audacieuse-galerie.ch\/wp-content\/uploads\/2018\/08\/n-b-logo-2-300-Impressions-jet-dencre-hautes-nuances-de-gris-haute-qualite.png\" alt=\"Hochwertige, graue Inkjet-Drucke\" width=\"300\" height=\"300\" srcset=\"https:\/\/www.audacieuse-galerie.ch\/wp-content\/uploads\/2018\/08\/n-b-logo-2-300-Impressions-jet-dencre-hautes-nuances-de-gris-haute-qualite.png 300w, https:\/\/www.audacieuse-galerie.ch\/wp-content\/uploads\/2018\/08\/n-b-logo-2-300-Impressions-jet-dencre-hautes-nuances-de-gris-haute-qualite-180x180.png 180w, https:\/\/www.audacieuse-galerie.ch\/wp-content\/uploads\/2018\/08\/n-b-logo-2-300-Impressions-jet-dencre-hautes-nuances-de-gris-haute-qualite-160x160.png 160w, https:\/\/www.audacieuse-galerie.ch\/wp-content\/uploads\/2018\/08\/n-b-logo-2-300-Impressions-jet-dencre-hautes-nuances-de-gris-haute-qualite-150x150.png 150w\" sizes=\"(max-width: 300px) 100vw, 300px\" \/><\/p>\n\n\t\t\t\t\t\t\t<\/div>\r\n\t\t\t\t\t\t\t\t\t\t<\/div>\n\t\t\t\t\t<\/div>\n\t\t\t\t<\/div>\n\t\t<div class=\"elementor-element elementor-element-68e349d thegem-e-con-layout-thegem e-flex e-con-boxed e-con e-parent\" data-id=\"68e349d\" data-element_type=\"container\" data-e-type=\"container\" data-settings=\"{&quot;thegem_container_layout&quot;:&quot;thegem&quot;}\">\r\n\t\t\t\t\t<div class=\"e-con-inner\">\r\n\t\t\t\t<div class=\"elementor-element elementor-element-801d8cb elementor-widget-divider--view-line flex-horizontal-align-default flex-horizontal-align-tablet-default flex-horizontal-align-mobile-default flex-vertical-align-default flex-vertical-align-tablet-default flex-vertical-align-mobile-default elementor-widget elementor-widget-divider\" data-id=\"801d8cb\" data-element_type=\"widget\" data-e-type=\"widget\" data-widget_type=\"divider.default\">\n\t\t\t\t\t\t\t<div class=\"elementor-divider\">\n\t\t\t<span class=\"elementor-divider-separator\">\n\t\t\t\t\t\t<\/span>\n\t\t<\/div>\n\t\t\t\t\t\t<\/div>\n\t\t\t\t<div class=\"elementor-element elementor-element-9520620 flex-horizontal-align-default flex-horizontal-align-tablet-default flex-horizontal-align-mobile-default flex-vertical-align-default flex-vertical-align-tablet-default flex-vertical-align-mobile-default elementor-widget elementor-widget-text-editor\" data-id=\"9520620\" data-element_type=\"widget\" data-e-type=\"widget\" data-widget_type=\"text-editor.default\">\n\t\t\t\t\t\t\t\t\t\t\t\t<div class=\"elementor-text-editor elementor-clearfix\">\r\n\t\t\t\t\t\t\n<h1>Farbige, hochwertige Inkjet-Drucke<\/h1>\nUnsere Drucker und Plotter werden regelm\u00e4\u00dfig \u00fcberpr\u00fcft. Die Farbwiedergabe wird mit einem Spektrometer-Kolorimeter \u00fcberpr\u00fcft, und die Ausrichtung der Druckk\u00f6pfe ist regelm\u00e4\u00dfig.<div class=\"row\">\n<div class=\"col-sm-10 col-sm-push-1 col-md-8 col-md-push-2 col-lg-6 col-lg-push-3\">wieder korrigiert. Wir w\u00e4hlen Tinten, die garantiert sehr best\u00e4ndig gegen UV-Strahlen sind, und wir verwenden Markenpapiere, die im Laufe der Zeit oxidationsbest\u00e4ndiger sind. Unsere gesamte Grafikkette ist vollst\u00e4ndig kalibriert, vom Computerbildschirm bis zum Drucker. Wir verwenden leistungsstarkes professionelles Equipment, um Ihnen das beste Bild zu bieten.\n<p style=\"text-align: center\"><img loading=\"lazy\" class=\" size-full wp-image-305\" style=\"margin-left: auto;margin-right: auto\" src=\"https:\/\/woo.audacieuse-galerie.ch\/wp-content\/uploads\/2018\/08\/couleur-logo-2-300-impression-couleur-haute-qualite.png\" alt=\"Hochwertiger Farbdruck\" width=\"300\" height=\"300\" srcset=\"https:\/\/www.audacieuse-galerie.ch\/wp-content\/uploads\/2018\/08\/couleur-logo-2-300-impression-couleur-haute-qualite.png 300w, https:\/\/www.audacieuse-galerie.ch\/wp-content\/uploads\/2018\/08\/couleur-logo-2-300-impression-couleur-haute-qualite-180x180.png 180w, https:\/\/www.audacieuse-galerie.ch\/wp-content\/uploads\/2018\/08\/couleur-logo-2-300-impression-couleur-haute-qualite-160x160.png 160w, https:\/\/www.audacieuse-galerie.ch\/wp-content\/uploads\/2018\/08\/couleur-logo-2-300-impression-couleur-haute-qualite-150x150.png 150w\" sizes=\"(max-width: 300px) 100vw, 300px\" \/><\/p>\n\t\t\t\t\t\t\t<\/div>\r\n\t\t\t\t\t\t\t\t\t\t<\/div>\n\t\t\t\t\t<\/div>\n\t\t\t\t<\/div>\n\t\t\t\t<\/div>\n\t\t","protected":false},"excerpt":{"rendered":"<p>Hochwertige Drucke oder Drucke Farbige, hochwertige Inkjet-Drucke Unsere Drucker und Plotter werden regelm\u00e4\u00dfig \u00fcberpr\u00fcft. Die Farbwiedergabe wird mit einem Spektrometer-Kolorimeter&#8230;<\/p>\n","protected":false},"author":1,"featured_media":56,"comment_status":"open","ping_status":"open","sticky":false,"template":"single-fullwidth.php","format":"standard","meta":{"_glsr_average":0,"_glsr_ranking":0,"_glsr_reviews":0,"footnotes":"","jetpack_publicize_message":"","jetpack_publicize_feature_enabled":true,"jetpack_social_post_already_shared":true,"jetpack_social_options":{"image_generator_settings":{"template":"highway","default_image_id":0,"font":"","enabled":false},"version":2}},"categories":[1858],"tags":[],"class_list":{"0":"post-71","1":"post","2":"type-post","3":"status-publish","4":"format-standard","5":"has-post-thumbnail","7":"category-schweizer-qualitaet-de"},"yoast_head":"<!-- This site is optimized with the Yoast SEO plugin v27.4 - https:\/\/yoast.com\/product\/yoast-seo-wordpress\/ -->\n<title>Die Qualit\u00e4t der Kunstfotografie - Audacieuse-Galerie<\/title>\n<meta name=\"description\" content=\"Die Qualit\u00e4t der Kunstfotografie - Audacieuse-Galerie\" \/>\n<meta name=\"robots\" content=\"index, follow, max-snippet:-1, max-image-preview:large, max-video-preview:-1\" \/>\n<link rel=\"canonical\" href=\"https:\/\/www.audacieuse-galerie.ch\/de\/hcowertige-drucken\/\" \/>\n<meta property=\"og:locale\" content=\"de_DE\" \/>\n<meta property=\"og:type\" content=\"article\" \/>\n<meta property=\"og:title\" content=\"Die Qualit\u00e4t der Kunstfotografie - Audacieuse-Galerie\" \/>\n<meta property=\"og:description\" content=\"Die Qualit\u00e4t der Kunstfotografie - Audacieuse-Galerie\" \/>\n<meta property=\"og:url\" content=\"https:\/\/www.audacieuse-galerie.ch\/de\/hcowertige-drucken\/\" \/>\n<meta property=\"og:site_name\" content=\"Audacieuse-Galerie\" \/>\n<meta property=\"article:publisher\" content=\"https:\/\/www.facebook.com\/audacieuse.galerie\" \/>\n<meta property=\"article:published_time\" content=\"2018-08-09T20:36:15+00:00\" \/>\n<meta property=\"article:modified_time\" content=\"2024-05-14T12:56:38+00:00\" \/>\n<meta property=\"og:image\" content=\"https:\/\/www.audacieuse-galerie.ch\/wp-content\/uploads\/2018\/08\/imprimante-imprimante-certifiee.jpg\" \/>\n\t<meta property=\"og:image:width\" content=\"400\" \/>\n\t<meta property=\"og:image:height\" content=\"400\" \/>\n\t<meta property=\"og:image:type\" content=\"image\/jpeg\" \/>\n<meta name=\"author\" content=\"St\u00e9phan\" \/>\n<meta name=\"twitter:card\" content=\"summary_large_image\" \/>\n<meta name=\"twitter:label1\" content=\"Verfasst von\" \/>\n\t<meta name=\"twitter:data1\" content=\"St\u00e9phan\" \/>\n\t<meta name=\"twitter:label2\" content=\"Gesch\u00e4tzte Lesezeit\" \/>\n\t<meta name=\"twitter:data2\" content=\"3 Minuten\" \/>\n<script type=\"application\/ld+json\" class=\"yoast-schema-graph\">{\"@context\":\"https:\\\/\\\/schema.org\",\"@graph\":[{\"@type\":\"Article\",\"@id\":\"https:\\\/\\\/www.audacieuse-galerie.ch\\\/de\\\/hcowertige-drucken\\\/#article\",\"isPartOf\":{\"@id\":\"https:\\\/\\\/www.audacieuse-galerie.ch\\\/de\\\/hcowertige-drucken\\\/\"},\"author\":{\"name\":\"St\u00e9phan\",\"@id\":\"https:\\\/\\\/www.audacieuse-galerie.ch\\\/de\\\/#\\\/schema\\\/person\\\/486419dd5878c49936c00de9a46a5df3\"},\"headline\":\"Die Qualit\u00e4t der Kunstfotografie\",\"datePublished\":\"2018-08-09T20:36:15+00:00\",\"dateModified\":\"2024-05-14T12:56:38+00:00\",\"mainEntityOfPage\":{\"@id\":\"https:\\\/\\\/www.audacieuse-galerie.ch\\\/de\\\/hcowertige-drucken\\\/\"},\"wordCount\":628,\"commentCount\":0,\"image\":{\"@id\":\"https:\\\/\\\/www.audacieuse-galerie.ch\\\/de\\\/hcowertige-drucken\\\/#primaryimage\"},\"thumbnailUrl\":\"https:\\\/\\\/www.audacieuse-galerie.ch\\\/wp-content\\\/uploads\\\/2018\\\/08\\\/imprimante-imprimante-certifiee.jpg\",\"articleSection\":[\"Schweizer Qualit\u00e4t\"],\"inLanguage\":\"de\",\"potentialAction\":[{\"@type\":\"CommentAction\",\"name\":\"Comment\",\"target\":[\"https:\\\/\\\/www.audacieuse-galerie.ch\\\/de\\\/hcowertige-drucken\\\/#respond\"]}]},{\"@type\":\"WebPage\",\"@id\":\"https:\\\/\\\/www.audacieuse-galerie.ch\\\/de\\\/hcowertige-drucken\\\/\",\"url\":\"https:\\\/\\\/www.audacieuse-galerie.ch\\\/de\\\/hcowertige-drucken\\\/\",\"name\":\"Die Qualit\u00e4t der Kunstfotografie - Audacieuse-Galerie\",\"isPartOf\":{\"@id\":\"https:\\\/\\\/www.audacieuse-galerie.ch\\\/de\\\/#website\"},\"primaryImageOfPage\":{\"@id\":\"https:\\\/\\\/www.audacieuse-galerie.ch\\\/de\\\/hcowertige-drucken\\\/#primaryimage\"},\"image\":{\"@id\":\"https:\\\/\\\/www.audacieuse-galerie.ch\\\/de\\\/hcowertige-drucken\\\/#primaryimage\"},\"thumbnailUrl\":\"https:\\\/\\\/www.audacieuse-galerie.ch\\\/wp-content\\\/uploads\\\/2018\\\/08\\\/imprimante-imprimante-certifiee.jpg\",\"datePublished\":\"2018-08-09T20:36:15+00:00\",\"dateModified\":\"2024-05-14T12:56:38+00:00\",\"author\":{\"@id\":\"https:\\\/\\\/www.audacieuse-galerie.ch\\\/de\\\/#\\\/schema\\\/person\\\/486419dd5878c49936c00de9a46a5df3\"},\"description\":\"Die Qualit\u00e4t der Kunstfotografie - Audacieuse-Galerie\",\"breadcrumb\":{\"@id\":\"https:\\\/\\\/www.audacieuse-galerie.ch\\\/de\\\/hcowertige-drucken\\\/#breadcrumb\"},\"inLanguage\":\"de\",\"potentialAction\":[{\"@type\":\"ReadAction\",\"target\":[\"https:\\\/\\\/www.audacieuse-galerie.ch\\\/de\\\/hcowertige-drucken\\\/\"]}]},{\"@type\":\"ImageObject\",\"inLanguage\":\"de\",\"@id\":\"https:\\\/\\\/www.audacieuse-galerie.ch\\\/de\\\/hcowertige-drucken\\\/#primaryimage\",\"url\":\"https:\\\/\\\/www.audacieuse-galerie.ch\\\/wp-content\\\/uploads\\\/2018\\\/08\\\/imprimante-imprimante-certifiee.jpg\",\"contentUrl\":\"https:\\\/\\\/www.audacieuse-galerie.ch\\\/wp-content\\\/uploads\\\/2018\\\/08\\\/imprimante-imprimante-certifiee.jpg\",\"width\":400,\"height\":400,\"caption\":\"imprimante certifi\u00e9e\"},{\"@type\":\"BreadcrumbList\",\"@id\":\"https:\\\/\\\/www.audacieuse-galerie.ch\\\/de\\\/hcowertige-drucken\\\/#breadcrumb\",\"itemListElement\":[{\"@type\":\"ListItem\",\"position\":1,\"name\":\"Heim\",\"item\":\"https:\\\/\\\/www.audacieuse-galerie.ch\\\/de\\\/\"},{\"@type\":\"ListItem\",\"position\":2,\"name\":\"Die Qualit\u00e4t der Kunstfotografie\"}]},{\"@type\":\"WebSite\",\"@id\":\"https:\\\/\\\/www.audacieuse-galerie.ch\\\/de\\\/#website\",\"url\":\"https:\\\/\\\/www.audacieuse-galerie.ch\\\/de\\\/\",\"name\":\"Audacieuse-Galerie\",\"description\":\"Mode et Images\",\"potentialAction\":[{\"@type\":\"SearchAction\",\"target\":{\"@type\":\"EntryPoint\",\"urlTemplate\":\"https:\\\/\\\/www.audacieuse-galerie.ch\\\/de\\\/?s={search_term_string}\"},\"query-input\":{\"@type\":\"PropertyValueSpecification\",\"valueRequired\":true,\"valueName\":\"search_term_string\"}}],\"inLanguage\":\"de\"},{\"@type\":\"Person\",\"@id\":\"https:\\\/\\\/www.audacieuse-galerie.ch\\\/de\\\/#\\\/schema\\\/person\\\/486419dd5878c49936c00de9a46a5df3\",\"name\":\"St\u00e9phan\",\"image\":{\"@type\":\"ImageObject\",\"inLanguage\":\"de\",\"@id\":\"https:\\\/\\\/secure.gravatar.com\\\/avatar\\\/0a7e31760a604618ac69fbd1af3e5a766d689deab164c3f9e56d0f57485ec932?s=96&d=mm&r=g\",\"url\":\"https:\\\/\\\/secure.gravatar.com\\\/avatar\\\/0a7e31760a604618ac69fbd1af3e5a766d689deab164c3f9e56d0f57485ec932?s=96&d=mm&r=g\",\"contentUrl\":\"https:\\\/\\\/secure.gravatar.com\\\/avatar\\\/0a7e31760a604618ac69fbd1af3e5a766d689deab164c3f9e56d0f57485ec932?s=96&d=mm&r=g\",\"caption\":\"St\u00e9phan\"},\"description\":\"St\u00e9phan, photographer and director, began his career behind the lens before moving into documentary and advertising film production. In 2016, he founded his own studio and gallery, where striking visuals and digital marketing innovations come together. His avant-garde approach explores the boundaries of art and digital communication, brilliantly and accurately capturing the essence of the contemporary world.\",\"sameAs\":[\"https:\\\/\\\/woo.audacieuse-galerie.ch\\\/photographe-professionnel\\\/nos-metiers-nos-professions\\\/\"],\"url\":\"https:\\\/\\\/www.audacieuse-galerie.ch\\\/de\\\/author\\\/stephan\\\/\"}]}<\/script>\n<!-- \/ Yoast SEO plugin. -->","yoast_head_json":{"title":"Die Qualit\u00e4t der Kunstfotografie - Audacieuse-Galerie","description":"Die Qualit\u00e4t der Kunstfotografie - Audacieuse-Galerie","robots":{"index":"index","follow":"follow","max-snippet":"max-snippet:-1","max-image-preview":"max-image-preview:large","max-video-preview":"max-video-preview:-1"},"canonical":"https:\/\/www.audacieuse-galerie.ch\/de\/hcowertige-drucken\/","og_locale":"de_DE","og_type":"article","og_title":"Die Qualit\u00e4t der Kunstfotografie - Audacieuse-Galerie","og_description":"Die Qualit\u00e4t der Kunstfotografie - Audacieuse-Galerie","og_url":"https:\/\/www.audacieuse-galerie.ch\/de\/hcowertige-drucken\/","og_site_name":"Audacieuse-Galerie","article_publisher":"https:\/\/www.facebook.com\/audacieuse.galerie","article_published_time":"2018-08-09T20:36:15+00:00","article_modified_time":"2024-05-14T12:56:38+00:00","og_image":[{"width":400,"height":400,"url":"https:\/\/www.audacieuse-galerie.ch\/wp-content\/uploads\/2018\/08\/imprimante-imprimante-certifiee.jpg","type":"image\/jpeg"}],"author":"St\u00e9phan","twitter_card":"summary_large_image","twitter_misc":{"Verfasst von":"St\u00e9phan","Gesch\u00e4tzte Lesezeit":"3 Minuten"},"schema":{"@context":"https:\/\/schema.org","@graph":[{"@type":"Article","@id":"https:\/\/www.audacieuse-galerie.ch\/de\/hcowertige-drucken\/#article","isPartOf":{"@id":"https:\/\/www.audacieuse-galerie.ch\/de\/hcowertige-drucken\/"},"author":{"name":"St\u00e9phan","@id":"https:\/\/www.audacieuse-galerie.ch\/de\/#\/schema\/person\/486419dd5878c49936c00de9a46a5df3"},"headline":"Die Qualit\u00e4t der Kunstfotografie","datePublished":"2018-08-09T20:36:15+00:00","dateModified":"2024-05-14T12:56:38+00:00","mainEntityOfPage":{"@id":"https:\/\/www.audacieuse-galerie.ch\/de\/hcowertige-drucken\/"},"wordCount":628,"commentCount":0,"image":{"@id":"https:\/\/www.audacieuse-galerie.ch\/de\/hcowertige-drucken\/#primaryimage"},"thumbnailUrl":"https:\/\/www.audacieuse-galerie.ch\/wp-content\/uploads\/2018\/08\/imprimante-imprimante-certifiee.jpg","articleSection":["Schweizer Qualit\u00e4t"],"inLanguage":"de","potentialAction":[{"@type":"CommentAction","name":"Comment","target":["https:\/\/www.audacieuse-galerie.ch\/de\/hcowertige-drucken\/#respond"]}]},{"@type":"WebPage","@id":"https:\/\/www.audacieuse-galerie.ch\/de\/hcowertige-drucken\/","url":"https:\/\/www.audacieuse-galerie.ch\/de\/hcowertige-drucken\/","name":"Die Qualit\u00e4t der Kunstfotografie - Audacieuse-Galerie","isPartOf":{"@id":"https:\/\/www.audacieuse-galerie.ch\/de\/#website"},"primaryImageOfPage":{"@id":"https:\/\/www.audacieuse-galerie.ch\/de\/hcowertige-drucken\/#primaryimage"},"image":{"@id":"https:\/\/www.audacieuse-galerie.ch\/de\/hcowertige-drucken\/#primaryimage"},"thumbnailUrl":"https:\/\/www.audacieuse-galerie.ch\/wp-content\/uploads\/2018\/08\/imprimante-imprimante-certifiee.jpg","datePublished":"2018-08-09T20:36:15+00:00","dateModified":"2024-05-14T12:56:38+00:00","author":{"@id":"https:\/\/www.audacieuse-galerie.ch\/de\/#\/schema\/person\/486419dd5878c49936c00de9a46a5df3"},"description":"Die Qualit\u00e4t der Kunstfotografie - Audacieuse-Galerie","breadcrumb":{"@id":"https:\/\/www.audacieuse-galerie.ch\/de\/hcowertige-drucken\/#breadcrumb"},"inLanguage":"de","potentialAction":[{"@type":"ReadAction","target":["https:\/\/www.audacieuse-galerie.ch\/de\/hcowertige-drucken\/"]}]},{"@type":"ImageObject","inLanguage":"de","@id":"https:\/\/www.audacieuse-galerie.ch\/de\/hcowertige-drucken\/#primaryimage","url":"https:\/\/www.audacieuse-galerie.ch\/wp-content\/uploads\/2018\/08\/imprimante-imprimante-certifiee.jpg","contentUrl":"https:\/\/www.audacieuse-galerie.ch\/wp-content\/uploads\/2018\/08\/imprimante-imprimante-certifiee.jpg","width":400,"height":400,"caption":"imprimante certifi\u00e9e"},{"@type":"BreadcrumbList","@id":"https:\/\/www.audacieuse-galerie.ch\/de\/hcowertige-drucken\/#breadcrumb","itemListElement":[{"@type":"ListItem","position":1,"name":"Heim","item":"https:\/\/www.audacieuse-galerie.ch\/de\/"},{"@type":"ListItem","position":2,"name":"Die Qualit\u00e4t der Kunstfotografie"}]},{"@type":"WebSite","@id":"https:\/\/www.audacieuse-galerie.ch\/de\/#website","url":"https:\/\/www.audacieuse-galerie.ch\/de\/","name":"Audacieuse-Galerie","description":"Mode et Images","potentialAction":[{"@type":"SearchAction","target":{"@type":"EntryPoint","urlTemplate":"https:\/\/www.audacieuse-galerie.ch\/de\/?s={search_term_string}"},"query-input":{"@type":"PropertyValueSpecification","valueRequired":true,"valueName":"search_term_string"}}],"inLanguage":"de"},{"@type":"Person","@id":"https:\/\/www.audacieuse-galerie.ch\/de\/#\/schema\/person\/486419dd5878c49936c00de9a46a5df3","name":"St\u00e9phan","image":{"@type":"ImageObject","inLanguage":"de","@id":"https:\/\/secure.gravatar.com\/avatar\/0a7e31760a604618ac69fbd1af3e5a766d689deab164c3f9e56d0f57485ec932?s=96&d=mm&r=g","url":"https:\/\/secure.gravatar.com\/avatar\/0a7e31760a604618ac69fbd1af3e5a766d689deab164c3f9e56d0f57485ec932?s=96&d=mm&r=g","contentUrl":"https:\/\/secure.gravatar.com\/avatar\/0a7e31760a604618ac69fbd1af3e5a766d689deab164c3f9e56d0f57485ec932?s=96&d=mm&r=g","caption":"St\u00e9phan"},"description":"St\u00e9phan, photographer and director, began his career behind the lens before moving into documentary and advertising film production. In 2016, he founded his own studio and gallery, where striking visuals and digital marketing innovations come together. His avant-garde approach explores the boundaries of art and digital communication, brilliantly and accurately capturing the essence of the contemporary world.","sameAs":["https:\/\/woo.audacieuse-galerie.ch\/photographe-professionnel\/nos-metiers-nos-professions\/"],"url":"https:\/\/www.audacieuse-galerie.ch\/de\/author\/stephan\/"}]}},"jetpack_publicize_connections":[],"jetpack_featured_media_url":"https:\/\/www.audacieuse-galerie.ch\/wp-content\/uploads\/2018\/08\/imprimante-imprimante-certifiee.jpg","menu_order":1,"_links":{"self":[{"href":"https:\/\/www.audacieuse-galerie.ch\/de\/wp-json\/wp\/v2\/posts\/71","targetHints":{"allow":["GET"]}}],"collection":[{"href":"https:\/\/www.audacieuse-galerie.ch\/de\/wp-json\/wp\/v2\/posts"}],"about":[{"href":"https:\/\/www.audacieuse-galerie.ch\/de\/wp-json\/wp\/v2\/types\/post"}],"author":[{"embeddable":true,"href":"https:\/\/www.audacieuse-galerie.ch\/de\/wp-json\/wp\/v2\/users\/1"}],"replies":[{"embeddable":true,"href":"https:\/\/www.audacieuse-galerie.ch\/de\/wp-json\/wp\/v2\/comments?post=71"}],"version-history":[{"count":0,"href":"https:\/\/www.audacieuse-galerie.ch\/de\/wp-json\/wp\/v2\/posts\/71\/revisions"}],"wp:featuredmedia":[{"embeddable":true,"href":"https:\/\/www.audacieuse-galerie.ch\/de\/wp-json\/wp\/v2\/media\/56"}],"wp:attachment":[{"href":"https:\/\/www.audacieuse-galerie.ch\/de\/wp-json\/wp\/v2\/media?parent=71"}],"wp:term":[{"taxonomy":"category","embeddable":true,"href":"https:\/\/www.audacieuse-galerie.ch\/de\/wp-json\/wp\/v2\/categories?post=71"},{"taxonomy":"post_tag","embeddable":true,"href":"https:\/\/www.audacieuse-galerie.ch\/de\/wp-json\/wp\/v2\/tags?post=71"}],"curies":[{"name":"wp","href":"https:\/\/api.w.org\/{rel}","templated":true}]}}