{"id":74152,"date":"2015-04-19T17:39:35","date_gmt":"2015-04-19T15:39:35","guid":{"rendered":"https:\/\/woo.audacieuse-galerie.ch\/club-der-sammler-und-experten-3\/"},"modified":"2015-04-19T17:39:35","modified_gmt":"2015-04-19T15:39:35","slug":"club-der-sammler-und-experten-3","status":"publish","type":"post","link":"https:\/\/www.audacieuse-galerie.ch\/de\/club-der-sammler-und-experten-3\/","title":{"rendered":"Club der Sammler und Experten"},"content":{"rendered":"<div class=\"col-sm-10 col-sm-push-1 col-md-8 col-md-push-2 col-lg-6 col-lg-push-3\">\n<h1>Sammler und Kunstliebhaber<br \/>  Kunsth\u00e4ndler und Sachverst\u00e4ndige<\/h1>\n<p>Sammler und Kunstliebhaber, Kunsth\u00e4ndler und Experten, entdecken Sie unsere Ausstellungen und Veranstaltungen<\/p>\n<p>&#8230; Aber nicht nur:<\/p>\n<p>Profitieren Sie von au\u00dfergew\u00f6hnlichen Mengenrabatten sowie speziellen reservierten Kollektionen. Genie\u00dfen Sie den VIP-Zugang, Exklusivit\u00e4ten und ein pers\u00f6nliches Konto. Siehe Preis vor Steuern, mit sofortigen Erm\u00e4\u00dfigungen und Sonderkonditionen.<\/p>\n<p>Treffen Sie die Audacieuse-Galerie bei Ap\u00e9ros oder Business-Fr\u00fchst\u00fccken, angeheizt von Konferenzen, Diskussionen \u00fcber moderne und zeitgen\u00f6ssische Kunst und privilegierten Treffen mit Kunsth\u00e4ndlern. Teilen Sie Ihr Fachwissen, Ihr Wissen und Ihre menschlichen Verbindungen.<\/p>\n<\/p><\/div>\n","protected":false},"excerpt":{"rendered":"<p>Sammler und Kunstliebhaber Kunsth\u00e4ndler und Sachverst\u00e4ndige Sammler und Kunstliebhaber, Kunsth\u00e4ndler und Experten, entdecken Sie unsere Ausstellungen und Veranstaltungen &#8230; Aber&#8230;<\/p>\n","protected":false},"author":1,"featured_media":0,"comment_status":"open","ping_status":"open","sticky":false,"template":"single-fullwidth.php","format":"standard","meta":{"_glsr_average":0,"_glsr_ranking":0,"_glsr_reviews":0,"footnotes":"","jetpack_publicize_message":"","jetpack_publicize_feature_enabled":true,"jetpack_social_post_already_shared":true,"jetpack_social_options":{"image_generator_settings":{"template":"highway","default_image_id":0,"font":"","enabled":false},"version":2}},"categories":[],"tags":[],"class_list":["post-74152","post","type-post","status-publish","format-standard"],"yoast_head":"<!-- This site is optimized with the Yoast SEO plugin v27.5 - https:\/\/yoast.com\/product\/yoast-seo-wordpress\/ -->\n<title>Club der Sammler und Experten - Audacieuse-Galerie<\/title>\n<meta name=\"description\" content=\"Club der Sammler und Experten - Audacieuse-Galerie\" \/>\n<meta name=\"robots\" content=\"index, follow, max-snippet:-1, max-image-preview:large, max-video-preview:-1\" \/>\n<link rel=\"canonical\" href=\"https:\/\/www.audacieuse-galerie.ch\/de\/club-der-sammler-und-experten-3\/\" \/>\n<meta property=\"og:locale\" content=\"de_DE\" \/>\n<meta property=\"og:type\" content=\"article\" \/>\n<meta property=\"og:title\" content=\"Club der Sammler und Experten - Audacieuse-Galerie\" \/>\n<meta property=\"og:description\" content=\"Club der Sammler und Experten - Audacieuse-Galerie\" \/>\n<meta property=\"og:url\" content=\"https:\/\/www.audacieuse-galerie.ch\/de\/club-der-sammler-und-experten-3\/\" \/>\n<meta property=\"og:site_name\" content=\"Audacieuse-Galerie\" \/>\n<meta property=\"article:publisher\" content=\"https:\/\/www.facebook.com\/audacieuse.galerie\" \/>\n<meta property=\"article:published_time\" content=\"2015-04-19T15:39:35+00:00\" \/>\n<meta name=\"author\" content=\"St\u00e9phan\" \/>\n<meta name=\"twitter:card\" content=\"summary_large_image\" \/>\n<meta name=\"twitter:label1\" content=\"Verfasst von\" \/>\n\t<meta name=\"twitter:data1\" content=\"St\u00e9phan\" \/>\n<script type=\"application\/ld+json\" class=\"yoast-schema-graph\">{\"@context\":\"https:\\\/\\\/schema.org\",\"@graph\":[{\"@type\":\"Article\",\"@id\":\"https:\\\/\\\/www.audacieuse-galerie.ch\\\/de\\\/club-der-sammler-und-experten-3\\\/#article\",\"isPartOf\":{\"@id\":\"https:\\\/\\\/www.audacieuse-galerie.ch\\\/de\\\/club-der-sammler-und-experten-3\\\/\"},\"author\":{\"name\":\"St\u00e9phan\",\"@id\":\"https:\\\/\\\/www.audacieuse-galerie.ch\\\/de\\\/#\\\/schema\\\/person\\\/486419dd5878c49936c00de9a46a5df3\"},\"headline\":\"Club der Sammler und Experten\",\"datePublished\":\"2015-04-19T15:39:35+00:00\",\"mainEntityOfPage\":{\"@id\":\"https:\\\/\\\/www.audacieuse-galerie.ch\\\/de\\\/club-der-sammler-und-experten-3\\\/\"},\"wordCount\":99,\"commentCount\":0,\"inLanguage\":\"de\",\"potentialAction\":[{\"@type\":\"CommentAction\",\"name\":\"Comment\",\"target\":[\"https:\\\/\\\/www.audacieuse-galerie.ch\\\/de\\\/club-der-sammler-und-experten-3\\\/#respond\"]}]},{\"@type\":\"WebPage\",\"@id\":\"https:\\\/\\\/www.audacieuse-galerie.ch\\\/de\\\/club-der-sammler-und-experten-3\\\/\",\"url\":\"https:\\\/\\\/www.audacieuse-galerie.ch\\\/de\\\/club-der-sammler-und-experten-3\\\/\",\"name\":\"Club der Sammler und Experten - Audacieuse-Galerie\",\"isPartOf\":{\"@id\":\"https:\\\/\\\/www.audacieuse-galerie.ch\\\/de\\\/#website\"},\"datePublished\":\"2015-04-19T15:39:35+00:00\",\"author\":{\"@id\":\"https:\\\/\\\/www.audacieuse-galerie.ch\\\/de\\\/#\\\/schema\\\/person\\\/486419dd5878c49936c00de9a46a5df3\"},\"description\":\"Club der Sammler und Experten - Audacieuse-Galerie\",\"breadcrumb\":{\"@id\":\"https:\\\/\\\/www.audacieuse-galerie.ch\\\/de\\\/club-der-sammler-und-experten-3\\\/#breadcrumb\"},\"inLanguage\":\"de\",\"potentialAction\":[{\"@type\":\"ReadAction\",\"target\":[\"https:\\\/\\\/www.audacieuse-galerie.ch\\\/de\\\/club-der-sammler-und-experten-3\\\/\"]}]},{\"@type\":\"BreadcrumbList\",\"@id\":\"https:\\\/\\\/www.audacieuse-galerie.ch\\\/de\\\/club-der-sammler-und-experten-3\\\/#breadcrumb\",\"itemListElement\":[{\"@type\":\"ListItem\",\"position\":1,\"name\":\"Heim\",\"item\":\"https:\\\/\\\/www.audacieuse-galerie.ch\\\/de\\\/\"},{\"@type\":\"ListItem\",\"position\":2,\"name\":\"Club der Sammler und Experten\"}]},{\"@type\":\"WebSite\",\"@id\":\"https:\\\/\\\/www.audacieuse-galerie.ch\\\/de\\\/#website\",\"url\":\"https:\\\/\\\/www.audacieuse-galerie.ch\\\/de\\\/\",\"name\":\"Audacieuse-Galerie\",\"description\":\"Mode et Images\",\"potentialAction\":[{\"@type\":\"SearchAction\",\"target\":{\"@type\":\"EntryPoint\",\"urlTemplate\":\"https:\\\/\\\/www.audacieuse-galerie.ch\\\/de\\\/?s={search_term_string}\"},\"query-input\":{\"@type\":\"PropertyValueSpecification\",\"valueRequired\":true,\"valueName\":\"search_term_string\"}}],\"inLanguage\":\"de\"},{\"@type\":\"Person\",\"@id\":\"https:\\\/\\\/www.audacieuse-galerie.ch\\\/de\\\/#\\\/schema\\\/person\\\/486419dd5878c49936c00de9a46a5df3\",\"name\":\"St\u00e9phan\",\"image\":{\"@type\":\"ImageObject\",\"inLanguage\":\"de\",\"@id\":\"https:\\\/\\\/secure.gravatar.com\\\/avatar\\\/0a7e31760a604618ac69fbd1af3e5a766d689deab164c3f9e56d0f57485ec932?s=96&d=mm&r=g\",\"url\":\"https:\\\/\\\/secure.gravatar.com\\\/avatar\\\/0a7e31760a604618ac69fbd1af3e5a766d689deab164c3f9e56d0f57485ec932?s=96&d=mm&r=g\",\"contentUrl\":\"https:\\\/\\\/secure.gravatar.com\\\/avatar\\\/0a7e31760a604618ac69fbd1af3e5a766d689deab164c3f9e56d0f57485ec932?s=96&d=mm&r=g\",\"caption\":\"St\u00e9phan\"},\"description\":\"St\u00e9phan, photographer and director, began his career behind the lens before moving into documentary and advertising film production. In 2016, he founded his own studio and gallery, where striking visuals and digital marketing innovations come together. His avant-garde approach explores the boundaries of art and digital communication, brilliantly and accurately capturing the essence of the contemporary world.\",\"sameAs\":[\"https:\\\/\\\/woo.audacieuse-galerie.ch\\\/photographe-professionnel\\\/nos-metiers-nos-professions\\\/\"],\"url\":\"https:\\\/\\\/www.audacieuse-galerie.ch\\\/de\\\/author\\\/stephan\\\/\"}]}<\/script>\n<!-- \/ Yoast SEO plugin. -->","yoast_head_json":{"title":"Club der Sammler und Experten - Audacieuse-Galerie","description":"Club der Sammler und Experten - Audacieuse-Galerie","robots":{"index":"index","follow":"follow","max-snippet":"max-snippet:-1","max-image-preview":"max-image-preview:large","max-video-preview":"max-video-preview:-1"},"canonical":"https:\/\/www.audacieuse-galerie.ch\/de\/club-der-sammler-und-experten-3\/","og_locale":"de_DE","og_type":"article","og_title":"Club der Sammler und Experten - Audacieuse-Galerie","og_description":"Club der Sammler und Experten - Audacieuse-Galerie","og_url":"https:\/\/www.audacieuse-galerie.ch\/de\/club-der-sammler-und-experten-3\/","og_site_name":"Audacieuse-Galerie","article_publisher":"https:\/\/www.facebook.com\/audacieuse.galerie","article_published_time":"2015-04-19T15:39:35+00:00","author":"St\u00e9phan","twitter_card":"summary_large_image","twitter_misc":{"Verfasst von":"St\u00e9phan"},"schema":{"@context":"https:\/\/schema.org","@graph":[{"@type":"Article","@id":"https:\/\/www.audacieuse-galerie.ch\/de\/club-der-sammler-und-experten-3\/#article","isPartOf":{"@id":"https:\/\/www.audacieuse-galerie.ch\/de\/club-der-sammler-und-experten-3\/"},"author":{"name":"St\u00e9phan","@id":"https:\/\/www.audacieuse-galerie.ch\/de\/#\/schema\/person\/486419dd5878c49936c00de9a46a5df3"},"headline":"Club der Sammler und Experten","datePublished":"2015-04-19T15:39:35+00:00","mainEntityOfPage":{"@id":"https:\/\/www.audacieuse-galerie.ch\/de\/club-der-sammler-und-experten-3\/"},"wordCount":99,"commentCount":0,"inLanguage":"de","potentialAction":[{"@type":"CommentAction","name":"Comment","target":["https:\/\/www.audacieuse-galerie.ch\/de\/club-der-sammler-und-experten-3\/#respond"]}]},{"@type":"WebPage","@id":"https:\/\/www.audacieuse-galerie.ch\/de\/club-der-sammler-und-experten-3\/","url":"https:\/\/www.audacieuse-galerie.ch\/de\/club-der-sammler-und-experten-3\/","name":"Club der Sammler und Experten - Audacieuse-Galerie","isPartOf":{"@id":"https:\/\/www.audacieuse-galerie.ch\/de\/#website"},"datePublished":"2015-04-19T15:39:35+00:00","author":{"@id":"https:\/\/www.audacieuse-galerie.ch\/de\/#\/schema\/person\/486419dd5878c49936c00de9a46a5df3"},"description":"Club der Sammler und Experten - Audacieuse-Galerie","breadcrumb":{"@id":"https:\/\/www.audacieuse-galerie.ch\/de\/club-der-sammler-und-experten-3\/#breadcrumb"},"inLanguage":"de","potentialAction":[{"@type":"ReadAction","target":["https:\/\/www.audacieuse-galerie.ch\/de\/club-der-sammler-und-experten-3\/"]}]},{"@type":"BreadcrumbList","@id":"https:\/\/www.audacieuse-galerie.ch\/de\/club-der-sammler-und-experten-3\/#breadcrumb","itemListElement":[{"@type":"ListItem","position":1,"name":"Heim","item":"https:\/\/www.audacieuse-galerie.ch\/de\/"},{"@type":"ListItem","position":2,"name":"Club der Sammler und Experten"}]},{"@type":"WebSite","@id":"https:\/\/www.audacieuse-galerie.ch\/de\/#website","url":"https:\/\/www.audacieuse-galerie.ch\/de\/","name":"Audacieuse-Galerie","description":"Mode et Images","potentialAction":[{"@type":"SearchAction","target":{"@type":"EntryPoint","urlTemplate":"https:\/\/www.audacieuse-galerie.ch\/de\/?s={search_term_string}"},"query-input":{"@type":"PropertyValueSpecification","valueRequired":true,"valueName":"search_term_string"}}],"inLanguage":"de"},{"@type":"Person","@id":"https:\/\/www.audacieuse-galerie.ch\/de\/#\/schema\/person\/486419dd5878c49936c00de9a46a5df3","name":"St\u00e9phan","image":{"@type":"ImageObject","inLanguage":"de","@id":"https:\/\/secure.gravatar.com\/avatar\/0a7e31760a604618ac69fbd1af3e5a766d689deab164c3f9e56d0f57485ec932?s=96&d=mm&r=g","url":"https:\/\/secure.gravatar.com\/avatar\/0a7e31760a604618ac69fbd1af3e5a766d689deab164c3f9e56d0f57485ec932?s=96&d=mm&r=g","contentUrl":"https:\/\/secure.gravatar.com\/avatar\/0a7e31760a604618ac69fbd1af3e5a766d689deab164c3f9e56d0f57485ec932?s=96&d=mm&r=g","caption":"St\u00e9phan"},"description":"St\u00e9phan, photographer and director, began his career behind the lens before moving into documentary and advertising film production. In 2016, he founded his own studio and gallery, where striking visuals and digital marketing innovations come together. His avant-garde approach explores the boundaries of art and digital communication, brilliantly and accurately capturing the essence of the contemporary world.","sameAs":["https:\/\/woo.audacieuse-galerie.ch\/photographe-professionnel\/nos-metiers-nos-professions\/"],"url":"https:\/\/www.audacieuse-galerie.ch\/de\/author\/stephan\/"}]}},"jetpack_publicize_connections":[],"jetpack_featured_media_url":"","menu_order":1,"_links":{"self":[{"href":"https:\/\/www.audacieuse-galerie.ch\/de\/wp-json\/wp\/v2\/posts\/74152","targetHints":{"allow":["GET"]}}],"collection":[{"href":"https:\/\/www.audacieuse-galerie.ch\/de\/wp-json\/wp\/v2\/posts"}],"about":[{"href":"https:\/\/www.audacieuse-galerie.ch\/de\/wp-json\/wp\/v2\/types\/post"}],"author":[{"embeddable":true,"href":"https:\/\/www.audacieuse-galerie.ch\/de\/wp-json\/wp\/v2\/users\/1"}],"replies":[{"embeddable":true,"href":"https:\/\/www.audacieuse-galerie.ch\/de\/wp-json\/wp\/v2\/comments?post=74152"}],"version-history":[{"count":0,"href":"https:\/\/www.audacieuse-galerie.ch\/de\/wp-json\/wp\/v2\/posts\/74152\/revisions"}],"wp:attachment":[{"href":"https:\/\/www.audacieuse-galerie.ch\/de\/wp-json\/wp\/v2\/media?parent=74152"}],"wp:term":[{"taxonomy":"category","embeddable":true,"href":"https:\/\/www.audacieuse-galerie.ch\/de\/wp-json\/wp\/v2\/categories?post=74152"},{"taxonomy":"post_tag","embeddable":true,"href":"https:\/\/www.audacieuse-galerie.ch\/de\/wp-json\/wp\/v2\/tags?post=74152"}],"curies":[{"name":"wp","href":"https:\/\/api.w.org\/{rel}","templated":true}]}}