{"id":74964,"date":"2023-05-22T11:19:22","date_gmt":"2023-05-22T09:19:22","guid":{"rendered":"https:\/\/woo.audacieuse-galerie.ch\/bekleidungs-oder-textilfotograf\/"},"modified":"2024-05-23T15:51:08","modified_gmt":"2024-05-23T13:51:08","slug":"fotograf-von-kleidung-textilien-an-modellen-oder-schaufensterpuppen","status":"publish","type":"post","link":"https:\/\/www.audacieuse-galerie.ch\/de\/fotograf-von-kleidung-textilien-an-modellen-oder-schaufensterpuppen\/","title":{"rendered":"Fotograf von Kleidung, Textilien, an Modellen oder Schaufensterpuppen"},"content":{"rendered":"\t\t<div data-elementor-type=\"wp-post\" data-elementor-id=\"74964\" class=\"elementor elementor-74964 elementor-74372\">\n\t\t\t\t\t\t<main class=\"elementor-section elementor-top-section elementor-element elementor-element-ea21e98 elementor-section-full_width elementor-section-height-default elementor-section-height-default\" data-id=\"ea21e98\" data-element_type=\"section\" data-e-type=\"section\">\r\n\t\t\t\t\t\t<div class=\"elementor-container elementor-column-gap-no\"><div class=\"elementor-row\">\r\n\t\t\t\t\t<div class=\"elementor-column elementor-col-100 elementor-top-column elementor-element elementor-element-b9fdde3\" data-id=\"b9fdde3\" data-element_type=\"column\" data-e-type=\"column\">\n\t\t\t<div class=\"elementor-widget-wrap elementor-element-populated\">\n\t\t\t\t\t\t<section class=\"elementor-section elementor-inner-section elementor-element elementor-element-545af20 elementor-section-boxed elementor-section-height-default elementor-section-height-default\" data-id=\"545af20\" data-element_type=\"section\" data-e-type=\"section\">\r\n\t\t\t\t\t\t<div class=\"elementor-container elementor-column-gap-thegem\"><div class=\"elementor-row\">\r\n\t\t\t\t\t<div class=\"elementor-column elementor-col-50 elementor-inner-column elementor-element elementor-element-f4b9763\" data-id=\"f4b9763\" data-element_type=\"column\" data-e-type=\"column\">\n\t\t\t<div class=\"elementor-widget-wrap elementor-element-populated\">\n\t\t\t\t\t\t<div class=\"elementor-element elementor-element-9cc7a67 flex-horizontal-align-default flex-horizontal-align-tablet-default flex-horizontal-align-mobile-default flex-vertical-align-default flex-vertical-align-tablet-default flex-vertical-align-mobile-default elementor-invisible elementor-widget elementor-widget-thegem-styledimage\" data-id=\"9cc7a67\" data-element_type=\"widget\" data-e-type=\"widget\" data-settings=\"{&quot;image&quot;:{&quot;url&quot;:&quot;https:\\\/\\\/woo.audacieuse-galerie.ch\\\/wp-content\\\/uploads\\\/2024\\\/04\\\/pull.jpg&quot;,&quot;id&quot;:74373,&quot;size&quot;:&quot;&quot;,&quot;alt&quot;:&quot;Personne retirant son pull.&quot;,&quot;source&quot;:&quot;library&quot;},&quot;_animation&quot;:&quot;fadeInUp&quot;,&quot;thegem_elementor_preset&quot;:&quot;default&quot;,&quot;image_position&quot;:&quot;left&quot;,&quot;icon_show&quot;:&quot;yes&quot;}\" data-widget_type=\"thegem-styledimage.default\">\n\t\t\t\t<div class=\"elementor-widget-container\">\n\t\t\t\t\t\n<div class=\"styled-image-wrapper\">\n\t\t\t<div class=\"gem-image gem-wrapbox gem-wrapbox-default gem-wrapbox-position-left lazy-loading \">\n\t\t\t<div class=\"gem-wrapbox-inner  lazy-loading-item\"  data-ll-effect=\"move-up\">\n\t\t\t\t\t\t\t\t<a href=\"https:\/\/woo.audacieuse-galerie.ch\/wp-content\/uploads\/2024\/04\/pull.jpg\" class=\"fancybox\">\n\t\t\t\t\t\t\t\t\t\t<img class=\"gem-wrapbox-element img-responsive \"\n\t\t\t\t\t\t src=\"https:\/\/www.audacieuse-galerie.ch\/wp-content\/uploads\/2024\/04\/pull.jpg\"\n\t\t\t\t\t\t alt=\"Personne retirant son pull.\">\n\t\t\t\t\t\t\t\t\t\t<svg aria-hidden=\"true\" class=\"e-font-icon-svg e-fas-camera\" viewBox=\"0 0 512 512\" xmlns=\"http:\/\/www.w3.org\/2000\/svg\"><path d=\"M512 144v288c0 26.5-21.5 48-48 48H48c-26.5 0-48-21.5-48-48V144c0-26.5 21.5-48 48-48h88l12.3-32.9c7-18.7 24.9-31.1 44.9-31.1h125.5c20 0 37.9 12.4 44.9 31.1L376 96h88c26.5 0 48 21.5 48 48zM376 288c0-66.2-53.8-120-120-120s-120 53.8-120 120 53.8 120 120 120 120-53.8 120-120zm-32 0c0 48.5-39.5 88-88 88s-88-39.5-88-88 39.5-88 88-88 88 39.5 88 88z\"><\/path><\/svg>\t\t\t\t<\/a>\n\t\t\t\t\t\t<\/div>\n\t\t<\/div>\n\t\t<\/div>\n\n\n\t\n\t\t\t\t\t\t<\/div>\n\t\t\t\t<\/div>\n\t\t\t\t\t<\/div>\n\t\t<\/div>\n\t\t\t\t<div class=\"elementor-column elementor-col-50 elementor-inner-column elementor-element elementor-element-030bdad elementor-invisible\" data-id=\"030bdad\" data-element_type=\"column\" data-e-type=\"column\" data-settings=\"{&quot;animation&quot;:&quot;fadeInRight&quot;}\">\n\t\t\t<div class=\"elementor-widget-wrap elementor-element-populated\">\n\t\t\t\t\t\t<div class=\"elementor-element elementor-element-df17168 elementor-widget__width-initial flex-horizontal-align-default flex-horizontal-align-tablet-default flex-horizontal-align-mobile-default flex-vertical-align-default flex-vertical-align-tablet-default flex-vertical-align-mobile-default elementor-widget elementor-widget-heading\" data-id=\"df17168\" data-element_type=\"widget\" data-e-type=\"widget\" data-widget_type=\"heading.default\">\n\t\t\t\t\t<div class=\"title-h4 elementor-heading-title elementor-size-default\">Es stehen Ihnen mehrere fotografische Optionen zur Verf\u00fcgung:<\/div>\t\t\t\t<\/div>\n\t\t\t\t<div class=\"elementor-element elementor-element-ecfc8b9 elementor-icon-list--layout-traditional elementor-list-item-link-full_width flex-horizontal-align-default flex-horizontal-align-tablet-default flex-horizontal-align-mobile-default flex-vertical-align-default flex-vertical-align-tablet-default flex-vertical-align-mobile-default elementor-widget elementor-widget-icon-list\" data-id=\"ecfc8b9\" data-element_type=\"widget\" data-e-type=\"widget\" data-widget_type=\"icon-list.default\">\n\t\t\t\t\t\t\t<ul class=\"elementor-icon-list-items\">\n\t\t\t\t\t\t\t<li class=\"elementor-icon-list-item\">\n\t\t\t\t\t\t\t\t\t\t\t<span class=\"elementor-icon-list-icon\">\n\t\t\t\t\t\t\t<i aria-hidden=\"true\" class=\"gem-mdi mdi-checkbox-blank-circle\"><\/i>\t\t\t\t\t\t<\/span>\n\t\t\t\t\t\t\t\t\t\t<span class=\"elementor-icon-list-text\">Kleidung, die flach auf einem Hintergrund liegt<\/span>\n\t\t\t\t\t\t\t\t\t<\/li>\n\t\t\t\t\t\t\t\t<li class=\"elementor-icon-list-item\">\n\t\t\t\t\t\t\t\t\t\t\t<span class=\"elementor-icon-list-icon\">\n\t\t\t\t\t\t\t<i aria-hidden=\"true\" class=\"gem-mdi mdi-checkbox-blank-circle\"><\/i>\t\t\t\t\t\t<\/span>\n\t\t\t\t\t\t\t\t\t\t<span class=\"elementor-icon-list-text\">Kleidung auf vertikalem Hintergrund<\/span>\n\t\t\t\t\t\t\t\t\t<\/li>\n\t\t\t\t\t\t\t\t<li class=\"elementor-icon-list-item\">\n\t\t\t\t\t\t\t\t\t\t\t<span class=\"elementor-icon-list-icon\">\n\t\t\t\t\t\t\t<i aria-hidden=\"true\" class=\"gem-mdi mdi-checkbox-blank-circle\"><\/i>\t\t\t\t\t\t<\/span>\n\t\t\t\t\t\t\t\t\t\t<span class=\"elementor-icon-list-text\">Kleidung auf Geisterschaufensterpuppe<\/span>\n\t\t\t\t\t\t\t\t\t<\/li>\n\t\t\t\t\t\t\t\t<li class=\"elementor-icon-list-item\">\n\t\t\t\t\t\t\t\t\t\t\t<span class=\"elementor-icon-list-icon\">\n\t\t\t\t\t\t\t<i aria-hidden=\"true\" class=\"gem-mdi mdi-checkbox-blank-circle\"><\/i>\t\t\t\t\t\t<\/span>\n\t\t\t\t\t\t\t\t\t\t<span class=\"elementor-icon-list-text\">Kleidung, die von einem lebenden Model getragen wird<\/span>\n\t\t\t\t\t\t\t\t\t<\/li>\n\t\t\t\t\t\t\t\t<li class=\"elementor-icon-list-item\">\n\t\t\t\t\t\t\t\t\t\t\t<span class=\"elementor-icon-list-icon\">\n\t\t\t\t\t\t\t<i aria-hidden=\"true\" class=\"gem-mdi mdi-checkbox-blank-circle\"><\/i>\t\t\t\t\t\t<\/span>\n\t\t\t\t\t\t\t\t\t\t<span class=\"elementor-icon-list-text\">Ausgeschnittene Kleidung... Oder nicht<\/span>\n\t\t\t\t\t\t\t\t\t<\/li>\n\t\t\t\t\t\t\t\t<li class=\"elementor-icon-list-item\">\n\t\t\t\t\t\t\t\t\t\t\t<span class=\"elementor-icon-list-icon\">\n\t\t\t\t\t\t\t<i aria-hidden=\"true\" class=\"gem-mdi mdi-checkbox-blank-circle\"><\/i>\t\t\t\t\t\t<\/span>\n\t\t\t\t\t\t\t\t\t\t<span class=\"elementor-icon-list-text\">Kleidung, die von einem lebenden Model getragen wird<\/span>\n\t\t\t\t\t\t\t\t\t<\/li>\n\t\t\t\t\t\t<\/ul>\n\t\t\t\t\t\t<\/div>\n\t\t\t\t\t<\/div>\n\t\t<\/div>\n\t\t\t\t\t<\/div><\/div>\r\n\t\t<\/section>\r\n\t\t<div class=\"elementor-element elementor-element-cde69c5 e-con-full thegem-e-con-layout-thegem e-flex elementor-invisible e-con e-parent\" data-id=\"cde69c5\" data-element_type=\"container\" data-e-type=\"container\" data-settings=\"{&quot;background_background&quot;:&quot;classic&quot;,&quot;animation&quot;:&quot;fadeInDown&quot;,&quot;thegem_container_layout&quot;:&quot;thegem&quot;}\">\r\n\t\t<div class=\"elementor-element elementor-element-b602c15 e-con-full thegem-e-con-layout-thegem e-flex e-con e-child\" data-id=\"b602c15\" data-element_type=\"container\" data-e-type=\"container\" data-settings=\"{&quot;thegem_container_layout&quot;:&quot;thegem&quot;}\">\r\n\t\t\t\t<div class=\"elementor-element elementor-element-987fdae elementor-widget__width-initial flex-horizontal-align-default flex-horizontal-align-tablet-default flex-horizontal-align-mobile-default flex-vertical-align-default flex-vertical-align-tablet-default flex-vertical-align-mobile-default elementor-widget elementor-widget-heading\" data-id=\"987fdae\" data-element_type=\"widget\" data-e-type=\"widget\" data-widget_type=\"heading.default\">\n\t\t\t\t\t<div class=\"title-h4 elementor-heading-title elementor-size-default\">Kleidung, die flach auf einem Hintergrund liegt<\/div>\t\t\t\t<\/div>\n\t\t\t\t<\/div>\n\t\t<div class=\"elementor-element elementor-element-52a8a99 e-con-full thegem-e-con-layout-thegem e-flex e-con e-child\" data-id=\"52a8a99\" data-element_type=\"container\" data-e-type=\"container\" data-settings=\"{&quot;thegem_container_layout&quot;:&quot;thegem&quot;}\">\r\n\t\t\t\t<div class=\"elementor-element elementor-element-3f8aa96 flex-horizontal-align-default flex-horizontal-align-tablet-default flex-horizontal-align-mobile-default flex-vertical-align-default flex-vertical-align-tablet-default flex-vertical-align-mobile-default elementor-widget elementor-widget-text-editor\" data-id=\"3f8aa96\" data-element_type=\"widget\" data-e-type=\"widget\" data-widget_type=\"text-editor.default\">\n\t\t\t\t\t\t\t\t\t\t\t\t<div class=\"elementor-text-editor elementor-clearfix\">\r\n\t\t\t\t\t\t<p>F\u00fcr Kleinteile, Socken, Handschuhe&#8230; und alles, was auf eine sehr formelle Art und Weise pr\u00e4sentiert werden muss, ohne eine weitere Verj\u00fcngungskur. F\u00fcr gro\u00dfe R\u00e4ume, es sei denn, Sie m\u00f6chten ein bewusst einfaches\/kosteng\u00fcnstiges Rendering, empfehlen wir diese Aufnahme nicht.  <\/p>\n\t\t\t\t\t\t\t<\/div>\r\n\t\t\t\t\t\t\t\t\t\t<\/div>\n\t\t\t\t<\/div>\n\t\t\t\t<\/div>\n\t\t<div class=\"elementor-element elementor-element-b1803b2 e-con-full thegem-e-con-layout-thegem e-flex e-con e-parent\" data-id=\"b1803b2\" data-element_type=\"container\" data-e-type=\"container\" data-settings=\"{&quot;thegem_container_layout&quot;:&quot;thegem&quot;}\">\r\n\t\t<div class=\"elementor-element elementor-element-4244b5f e-con-full thegem-e-con-layout-thegem e-flex e-con e-child\" data-id=\"4244b5f\" data-element_type=\"container\" data-e-type=\"container\" data-settings=\"{&quot;thegem_container_layout&quot;:&quot;thegem&quot;}\">\r\n\t\t\t\t<div class=\"elementor-element elementor-element-767ecfe flex-horizontal-align-default flex-horizontal-align-tablet-default flex-horizontal-align-mobile-default flex-vertical-align-default flex-vertical-align-tablet-default flex-vertical-align-mobile-default elementor-widget elementor-widget-text-editor\" data-id=\"767ecfe\" data-element_type=\"widget\" data-e-type=\"widget\" data-widget_type=\"text-editor.default\">\n\t\t\t\t\t\t\t\t\t\t\t\t<div class=\"elementor-text-editor elementor-clearfix\">\r\n\t\t\t\t\t\t<p>Der vertikale Hintergrund optimiert den nat\u00fcrlichen Fall des Kleidungsst\u00fccks. Das Kleidungsst\u00fcck wird auf einem Kleiderb\u00fcgel und einem diskreten Aufh\u00e4ngematerial aufgeh\u00e4ngt. Die Lenker- und Aufh\u00e4ngungsteile werden durch Computerbearbeitung entfernt. Es ist m\u00f6glich, den Kleiderb\u00fcgel dran zu lassen, aber er muss sehr \u00e4sthetisch ansprechend sein (Holz und sichtbare Markierungen). Das Ergebnis bietet mehr Volumen als ein einfaches Flatlay.<\/p>\n\t\t\t\t\t\t\t<\/div>\r\n\t\t\t\t\t\t\t\t\t\t<\/div>\n\t\t\t\t<\/div>\n\t\t<div class=\"elementor-element elementor-element-32034de e-con-full thegem-e-con-layout-thegem e-flex e-con e-child\" data-id=\"32034de\" data-element_type=\"container\" data-e-type=\"container\" data-settings=\"{&quot;thegem_container_layout&quot;:&quot;thegem&quot;}\">\r\n\t\t\t\t<div class=\"elementor-element elementor-element-acc277f flex-horizontal-align-default flex-horizontal-align-tablet-default flex-horizontal-align-mobile-default flex-vertical-align-default flex-vertical-align-tablet-default flex-vertical-align-mobile-default elementor-widget elementor-widget-heading\" data-id=\"acc277f\" data-element_type=\"widget\" data-e-type=\"widget\" data-widget_type=\"heading.default\">\n\t\t\t\t\t<div class=\"title-h4 elementor-heading-title elementor-size-default\">Kleidung auf vertikalem Hintergrund<\/div>\t\t\t\t<\/div>\n\t\t\t\t<\/div>\n\t\t\t\t<\/div>\n\t\t<div class=\"elementor-element elementor-element-d9180d3 e-con-full thegem-e-con-layout-thegem e-flex elementor-invisible e-con e-parent\" data-id=\"d9180d3\" data-element_type=\"container\" data-e-type=\"container\" data-settings=\"{&quot;background_background&quot;:&quot;classic&quot;,&quot;animation&quot;:&quot;fadeInDown&quot;,&quot;thegem_container_layout&quot;:&quot;thegem&quot;}\">\r\n\t\t<div class=\"elementor-element elementor-element-5d72fe2 e-con-full thegem-e-con-layout-thegem e-flex e-con e-child\" data-id=\"5d72fe2\" data-element_type=\"container\" data-e-type=\"container\" data-settings=\"{&quot;thegem_container_layout&quot;:&quot;thegem&quot;}\">\r\n\t\t\t\t<div class=\"elementor-element elementor-element-a5fcb18 flex-horizontal-align-default flex-horizontal-align-tablet-default flex-horizontal-align-mobile-default flex-vertical-align-default flex-vertical-align-tablet-default flex-vertical-align-mobile-default elementor-widget elementor-widget-heading\" data-id=\"a5fcb18\" data-element_type=\"widget\" data-e-type=\"widget\" data-widget_type=\"heading.default\">\n\t\t\t\t\t<div class=\"title-h4 elementor-heading-title elementor-size-default\">Kleidung auf Geisterschaufensterpuppe<\/div>\t\t\t\t<\/div>\n\t\t\t\t<\/div>\n\t\t<div class=\"elementor-element elementor-element-633f3ac e-con-full thegem-e-con-layout-thegem e-flex e-con e-child\" data-id=\"633f3ac\" data-element_type=\"container\" data-e-type=\"container\" data-settings=\"{&quot;thegem_container_layout&quot;:&quot;thegem&quot;}\">\r\n\t\t\t\t<div class=\"elementor-element elementor-element-fe038e8 flex-horizontal-align-default flex-horizontal-align-tablet-default flex-horizontal-align-mobile-default flex-vertical-align-default flex-vertical-align-tablet-default flex-vertical-align-mobile-default elementor-widget elementor-widget-text-editor\" data-id=\"fe038e8\" data-element_type=\"widget\" data-e-type=\"widget\" data-widget_type=\"text-editor.default\">\n\t\t\t\t\t\t\t\t\t\t\t\t<div class=\"elementor-text-editor elementor-clearfix\">\r\n\t\t\t\t\t\t<p>Die Geister-Schaufensterpuppe ist etwas ganz Besonderes: Sie ist keine Schaufensterpuppe, die f\u00fcr Schaufenster gedacht ist. Die Geisterschaufensterpuppe ist in mehrere Elemente unterteilt, um auf den Fotografien m\u00f6glichst unauff\u00e4llig zu sein. Nach der Aufnahme wird das, was von der Geisterpuppe \u00fcbrig geblieben ist, am Computer entfernt. Es werden mehrere Fotos gemacht, um das Ergebnis zu optimieren. Die Fotos werden dann am Computer zusammengef\u00fcgt, um ein Kleidungsst\u00fcck mit einem einzigartigen 3D-Effekt zu schaffen, als w\u00fcrde es von einem Geist getragen. Ihr Kunde stellt sich das Produkt noch besser vor. Das Futter ist sichtbar und bei weitem ein sehr beliebter Effekt in sehr trendiger Mode und f\u00fcr sch\u00f6ne Kollektionen, die in sch\u00f6nen E-Commerces pr\u00e4sentiert werden.<\/p>\n\t\t\t\t\t\t\t<\/div>\r\n\t\t\t\t\t\t\t\t\t\t<\/div>\n\t\t\t\t<\/div>\n\t\t\t\t<\/div>\n\t\t<div class=\"elementor-element elementor-element-3caf069 e-con-full thegem-e-con-layout-thegem e-flex e-con e-parent\" data-id=\"3caf069\" data-element_type=\"container\" data-e-type=\"container\" data-settings=\"{&quot;thegem_container_layout&quot;:&quot;thegem&quot;}\">\r\n\t\t<div class=\"elementor-element elementor-element-8316064 e-con-full thegem-e-con-layout-thegem e-flex e-con e-child\" data-id=\"8316064\" data-element_type=\"container\" data-e-type=\"container\" data-settings=\"{&quot;thegem_container_layout&quot;:&quot;thegem&quot;}\">\r\n\t\t\t\t<div class=\"elementor-element elementor-element-003dd92 flex-horizontal-align-default flex-horizontal-align-tablet-default flex-horizontal-align-mobile-default flex-vertical-align-default flex-vertical-align-tablet-default flex-vertical-align-mobile-default elementor-widget elementor-widget-text-editor\" data-id=\"003dd92\" data-element_type=\"widget\" data-e-type=\"widget\" data-widget_type=\"text-editor.default\">\n\t\t\t\t\t\t\t\t\t\t\t\t<div class=\"elementor-text-editor elementor-clearfix\">\r\n\t\t\t\t\t\t<p>Der Vorteil des Modells besteht darin, eine sch\u00f6ne Pr\u00e4sentation des Kleidungsst\u00fccks mit einer Schaufensterpuppe zu bieten, die an Ihrem Zielkunden haftet. Getragen von einem verf\u00fchrerischen Model, wird Ihr Kleidungsst\u00fcck umso sch\u00f6ner. W\u00e4hlen Sie vorzugsweise ein Modell des gleichen Alters und Typs wie Ihr Zielkunde. Achten Sie genau darauf, diejenigen auszuw\u00e4hlen, die Ihre Marke repr\u00e4sentieren. Rebellisches, androgynes, kindliches oder gezeichnetes Gesicht, kr\u00e4ftige oder spitz zulaufende Proportionen, alles ist mit Hilfe der Modelagentur zu denken. Make-up- und Hairstyling-Kosten kommen hinzu. Insgesamt sind die Kosten h\u00f6her als bei einer Geisterpuppe, aber f\u00fcr ein lebendigeres Ergebnis.<\/p>\n\t\t\t\t\t\t\t<\/div>\r\n\t\t\t\t\t\t\t\t\t\t<\/div>\n\t\t\t\t<\/div>\n\t\t<div class=\"elementor-element elementor-element-58e3f49 e-con-full thegem-e-con-layout-thegem e-flex e-con e-child\" data-id=\"58e3f49\" data-element_type=\"container\" data-e-type=\"container\" data-settings=\"{&quot;thegem_container_layout&quot;:&quot;thegem&quot;}\">\r\n\t\t\t\t<div class=\"elementor-element elementor-element-f5caaeb flex-horizontal-align-default flex-horizontal-align-tablet-default flex-horizontal-align-mobile-default flex-vertical-align-default flex-vertical-align-tablet-default flex-vertical-align-mobile-default elementor-widget elementor-widget-heading\" data-id=\"f5caaeb\" data-element_type=\"widget\" data-e-type=\"widget\" data-widget_type=\"heading.default\">\n\t\t\t\t\t<div class=\"title-h4 elementor-heading-title elementor-size-default\">Kleidung, die von einem lebenden Model getragen wird<\/div>\t\t\t\t<\/div>\n\t\t\t\t<\/div>\n\t\t\t\t<\/div>\n\t\t<div class=\"elementor-element elementor-element-29f04cd e-con-full thegem-e-con-layout-thegem e-flex elementor-invisible e-con e-parent\" data-id=\"29f04cd\" data-element_type=\"container\" data-e-type=\"container\" data-settings=\"{&quot;background_background&quot;:&quot;classic&quot;,&quot;animation&quot;:&quot;fadeInDown&quot;,&quot;thegem_container_layout&quot;:&quot;thegem&quot;}\">\r\n\t\t<div class=\"elementor-element elementor-element-536f359 e-con-full thegem-e-con-layout-thegem e-flex e-con e-child\" data-id=\"536f359\" data-element_type=\"container\" data-e-type=\"container\" data-settings=\"{&quot;thegem_container_layout&quot;:&quot;thegem&quot;}\">\r\n\t\t\t\t<div class=\"elementor-element elementor-element-f75c5fb flex-horizontal-align-default flex-horizontal-align-tablet-default flex-horizontal-align-mobile-default flex-vertical-align-default flex-vertical-align-tablet-default flex-vertical-align-mobile-default elementor-widget elementor-widget-heading\" data-id=\"f75c5fb\" data-element_type=\"widget\" data-e-type=\"widget\" data-widget_type=\"heading.default\">\n\t\t\t\t\t<div class=\"title-h4 elementor-heading-title elementor-size-default\">Ausgeschnittene Kleidung... Oder nicht<\/div>\t\t\t\t<\/div>\n\t\t\t\t<\/div>\n\t\t<div class=\"elementor-element elementor-element-d4a0650 e-con-full thegem-e-con-layout-thegem e-flex e-con e-child\" data-id=\"d4a0650\" data-element_type=\"container\" data-e-type=\"container\" data-settings=\"{&quot;thegem_container_layout&quot;:&quot;thegem&quot;}\">\r\n\t\t\t\t<div class=\"elementor-element elementor-element-b661f92 flex-horizontal-align-default flex-horizontal-align-tablet-default flex-horizontal-align-mobile-default flex-vertical-align-default flex-vertical-align-tablet-default flex-vertical-align-mobile-default elementor-widget elementor-widget-text-editor\" data-id=\"b661f92\" data-element_type=\"widget\" data-e-type=\"widget\" data-widget_type=\"text-editor.default\">\n\t\t\t\t\t\t\t\t\t\t\t\t<div class=\"elementor-text-editor elementor-clearfix\">\r\n\t\t\t\t\t\t<p>Der Hintergrund kann fein s\u00e4uberlich am Computer ausgeschnitten werden, damit die Aufmerksamkeit des K\u00e4ufers nur auf dem Kleidungsst\u00fcck liegt. Mit perfekt einfarbigen Hintergr\u00fcnden und gut geschnittenen Kleidungsst\u00fccken ergeben sich Webseiten mit homogeneren und \u00e4sthetischeren Produkten. Unsere Bes\u00e4tze sind sehr diskret und verleihen den Kleidungsst\u00fccken eine gro\u00dfe Sch\u00f6nheit. Verkaufsplattformen (Marktpl\u00e4tze) werden Sie sehr oft nach Fotos auf wei\u00dfem Hintergrund fragen, sauber geschnitten, im quadratischen Format. Sie k\u00f6nnen uns auch nach transparenten Hintergr\u00fcnden fragen, die an die Farbe Ihrer Wahl angepasst werden k\u00f6nnen.<\/p>\n\t\t\t\t\t\t\t<\/div>\r\n\t\t\t\t\t\t\t\t\t\t<\/div>\n\t\t\t\t<\/div>\n\t\t\t\t<\/div>\n\t\t\t\t\t<\/div>\n\t\t<\/div>\n\t\t\t\t\t<\/div><\/div>\r\n\t\t<\/main>\r\n\t\t\t\t<\/div>\n\t\t","protected":false},"excerpt":{"rendered":"<p>Es stehen Ihnen mehrere fotografische Optionen zur Verf\u00fcgung.<\/p>\n","protected":false},"author":1,"featured_media":74375,"comment_status":"closed","ping_status":"open","sticky":false,"template":"single-fullwidth.php","format":"standard","meta":{"_glsr_average":0,"_glsr_ranking":0,"_glsr_reviews":0,"footnotes":"","jetpack_publicize_message":"","jetpack_publicize_feature_enabled":true,"jetpack_social_post_already_shared":true,"jetpack_social_options":{"image_generator_settings":{"template":"highway","default_image_id":0,"font":"","enabled":false},"version":2}},"categories":[2078,2026],"tags":[],"class_list":{"0":"post-74964","1":"post","2":"type-post","3":"status-publish","4":"format-standard","5":"has-post-thumbnail","7":"category-blog-studio-de","8":"category-blog-bilder-studio-und-kunstfotografie"},"yoast_head":"<!-- This site is optimized with the Yoast SEO plugin v27.5 - https:\/\/yoast.com\/product\/yoast-seo-wordpress\/ -->\n<title>Fotograf von Kleidung, Textilien, an Modellen oder Schaufensterpuppen - Audacieuse-Galerie<\/title>\n<meta name=\"description\" content=\"Fotograf von Kleidung, Textilien, an Modellen oder Schaufensterpuppen - Audacieuse-Galerie\" \/>\n<meta name=\"robots\" content=\"index, follow, max-snippet:-1, max-image-preview:large, max-video-preview:-1\" \/>\n<link rel=\"canonical\" href=\"https:\/\/www.audacieuse-galerie.ch\/de\/fotograf-von-kleidung-textilien-an-modellen-oder-schaufensterpuppen\/\" \/>\n<meta property=\"og:locale\" content=\"de_DE\" \/>\n<meta property=\"og:type\" content=\"article\" \/>\n<meta property=\"og:title\" content=\"Fotograf von Kleidung, Textilien, an Modellen oder Schaufensterpuppen - Audacieuse-Galerie\" \/>\n<meta property=\"og:description\" content=\"Fotograf von Kleidung, Textilien, an Modellen oder Schaufensterpuppen - Audacieuse-Galerie\" \/>\n<meta property=\"og:url\" content=\"https:\/\/www.audacieuse-galerie.ch\/de\/fotograf-von-kleidung-textilien-an-modellen-oder-schaufensterpuppen\/\" \/>\n<meta property=\"og:site_name\" content=\"Audacieuse-Galerie\" \/>\n<meta property=\"article:publisher\" content=\"https:\/\/www.facebook.com\/audacieuse.galerie\" \/>\n<meta property=\"article:published_time\" content=\"2023-05-22T09:19:22+00:00\" \/>\n<meta property=\"article:modified_time\" content=\"2024-05-23T13:51:08+00:00\" \/>\n<meta property=\"og:image\" content=\"https:\/\/www.audacieuse-galerie.ch\/wp-content\/uploads\/2024\/04\/pull.jpg\" \/>\n\t<meta property=\"og:image:width\" content=\"1100\" \/>\n\t<meta property=\"og:image:height\" content=\"550\" \/>\n\t<meta property=\"og:image:type\" content=\"image\/jpeg\" \/>\n<meta name=\"author\" content=\"St\u00e9phan\" \/>\n<meta name=\"twitter:card\" content=\"summary_large_image\" \/>\n<meta name=\"twitter:label1\" content=\"Verfasst von\" \/>\n\t<meta name=\"twitter:data1\" content=\"St\u00e9phan\" \/>\n\t<meta name=\"twitter:label2\" content=\"Gesch\u00e4tzte Lesezeit\" \/>\n\t<meta name=\"twitter:data2\" content=\"3 Minuten\" \/>\n<script type=\"application\/ld+json\" class=\"yoast-schema-graph\">{\"@context\":\"https:\\\/\\\/schema.org\",\"@graph\":[{\"@type\":\"Article\",\"@id\":\"https:\\\/\\\/www.audacieuse-galerie.ch\\\/de\\\/fotograf-von-kleidung-textilien-an-modellen-oder-schaufensterpuppen\\\/#article\",\"isPartOf\":{\"@id\":\"https:\\\/\\\/www.audacieuse-galerie.ch\\\/de\\\/fotograf-von-kleidung-textilien-an-modellen-oder-schaufensterpuppen\\\/\"},\"author\":{\"name\":\"St\u00e9phan\",\"@id\":\"https:\\\/\\\/www.audacieuse-galerie.ch\\\/de\\\/#\\\/schema\\\/person\\\/486419dd5878c49936c00de9a46a5df3\"},\"headline\":\"Fotograf von Kleidung, Textilien, an Modellen oder Schaufensterpuppen\",\"datePublished\":\"2023-05-22T09:19:22+00:00\",\"dateModified\":\"2024-05-23T13:51:08+00:00\",\"mainEntityOfPage\":{\"@id\":\"https:\\\/\\\/www.audacieuse-galerie.ch\\\/de\\\/fotograf-von-kleidung-textilien-an-modellen-oder-schaufensterpuppen\\\/\"},\"wordCount\":510,\"image\":{\"@id\":\"https:\\\/\\\/www.audacieuse-galerie.ch\\\/de\\\/fotograf-von-kleidung-textilien-an-modellen-oder-schaufensterpuppen\\\/#primaryimage\"},\"thumbnailUrl\":\"https:\\\/\\\/www.audacieuse-galerie.ch\\\/wp-content\\\/uploads\\\/2024\\\/04\\\/pull.jpg\",\"articleSection\":[\"Blog - Studio\",\"Blog Bilder - Studio- und Kunstfotografie\"],\"inLanguage\":\"de\"},{\"@type\":\"WebPage\",\"@id\":\"https:\\\/\\\/www.audacieuse-galerie.ch\\\/de\\\/fotograf-von-kleidung-textilien-an-modellen-oder-schaufensterpuppen\\\/\",\"url\":\"https:\\\/\\\/www.audacieuse-galerie.ch\\\/de\\\/fotograf-von-kleidung-textilien-an-modellen-oder-schaufensterpuppen\\\/\",\"name\":\"Fotograf von Kleidung, Textilien, an Modellen oder Schaufensterpuppen - Audacieuse-Galerie\",\"isPartOf\":{\"@id\":\"https:\\\/\\\/www.audacieuse-galerie.ch\\\/de\\\/#website\"},\"primaryImageOfPage\":{\"@id\":\"https:\\\/\\\/www.audacieuse-galerie.ch\\\/de\\\/fotograf-von-kleidung-textilien-an-modellen-oder-schaufensterpuppen\\\/#primaryimage\"},\"image\":{\"@id\":\"https:\\\/\\\/www.audacieuse-galerie.ch\\\/de\\\/fotograf-von-kleidung-textilien-an-modellen-oder-schaufensterpuppen\\\/#primaryimage\"},\"thumbnailUrl\":\"https:\\\/\\\/www.audacieuse-galerie.ch\\\/wp-content\\\/uploads\\\/2024\\\/04\\\/pull.jpg\",\"datePublished\":\"2023-05-22T09:19:22+00:00\",\"dateModified\":\"2024-05-23T13:51:08+00:00\",\"author\":{\"@id\":\"https:\\\/\\\/www.audacieuse-galerie.ch\\\/de\\\/#\\\/schema\\\/person\\\/486419dd5878c49936c00de9a46a5df3\"},\"description\":\"Fotograf von Kleidung, Textilien, an Modellen oder Schaufensterpuppen - Audacieuse-Galerie\",\"breadcrumb\":{\"@id\":\"https:\\\/\\\/www.audacieuse-galerie.ch\\\/de\\\/fotograf-von-kleidung-textilien-an-modellen-oder-schaufensterpuppen\\\/#breadcrumb\"},\"inLanguage\":\"de\",\"potentialAction\":[{\"@type\":\"ReadAction\",\"target\":[\"https:\\\/\\\/www.audacieuse-galerie.ch\\\/de\\\/fotograf-von-kleidung-textilien-an-modellen-oder-schaufensterpuppen\\\/\"]}]},{\"@type\":\"ImageObject\",\"inLanguage\":\"de\",\"@id\":\"https:\\\/\\\/www.audacieuse-galerie.ch\\\/de\\\/fotograf-von-kleidung-textilien-an-modellen-oder-schaufensterpuppen\\\/#primaryimage\",\"url\":\"https:\\\/\\\/www.audacieuse-galerie.ch\\\/wp-content\\\/uploads\\\/2024\\\/04\\\/pull.jpg\",\"contentUrl\":\"https:\\\/\\\/www.audacieuse-galerie.ch\\\/wp-content\\\/uploads\\\/2024\\\/04\\\/pull.jpg\",\"width\":1100,\"height\":550,\"caption\":\"Personne retirant son pull.\"},{\"@type\":\"BreadcrumbList\",\"@id\":\"https:\\\/\\\/www.audacieuse-galerie.ch\\\/de\\\/fotograf-von-kleidung-textilien-an-modellen-oder-schaufensterpuppen\\\/#breadcrumb\",\"itemListElement\":[{\"@type\":\"ListItem\",\"position\":1,\"name\":\"Heim\",\"item\":\"https:\\\/\\\/www.audacieuse-galerie.ch\\\/de\\\/startseite-demo\\\/\"},{\"@type\":\"ListItem\",\"position\":2,\"name\":\"Fotograf von Kleidung, Textilien, an Modellen oder Schaufensterpuppen\"}]},{\"@type\":\"WebSite\",\"@id\":\"https:\\\/\\\/www.audacieuse-galerie.ch\\\/de\\\/#website\",\"url\":\"https:\\\/\\\/www.audacieuse-galerie.ch\\\/de\\\/\",\"name\":\"Audacieuse-Galerie\",\"description\":\"Mode et Images\",\"potentialAction\":[{\"@type\":\"SearchAction\",\"target\":{\"@type\":\"EntryPoint\",\"urlTemplate\":\"https:\\\/\\\/www.audacieuse-galerie.ch\\\/de\\\/?s={search_term_string}\"},\"query-input\":{\"@type\":\"PropertyValueSpecification\",\"valueRequired\":true,\"valueName\":\"search_term_string\"}}],\"inLanguage\":\"de\"},{\"@type\":\"Person\",\"@id\":\"https:\\\/\\\/www.audacieuse-galerie.ch\\\/de\\\/#\\\/schema\\\/person\\\/486419dd5878c49936c00de9a46a5df3\",\"name\":\"St\u00e9phan\",\"image\":{\"@type\":\"ImageObject\",\"inLanguage\":\"de\",\"@id\":\"https:\\\/\\\/secure.gravatar.com\\\/avatar\\\/0a7e31760a604618ac69fbd1af3e5a766d689deab164c3f9e56d0f57485ec932?s=96&d=mm&r=g\",\"url\":\"https:\\\/\\\/secure.gravatar.com\\\/avatar\\\/0a7e31760a604618ac69fbd1af3e5a766d689deab164c3f9e56d0f57485ec932?s=96&d=mm&r=g\",\"contentUrl\":\"https:\\\/\\\/secure.gravatar.com\\\/avatar\\\/0a7e31760a604618ac69fbd1af3e5a766d689deab164c3f9e56d0f57485ec932?s=96&d=mm&r=g\",\"caption\":\"St\u00e9phan\"},\"description\":\"St\u00e9phan, photographer and director, began his career behind the lens before moving into documentary and advertising film production. In 2016, he founded his own studio and gallery, where striking visuals and digital marketing innovations come together. His avant-garde approach explores the boundaries of art and digital communication, brilliantly and accurately capturing the essence of the contemporary world.\",\"sameAs\":[\"https:\\\/\\\/woo.audacieuse-galerie.ch\\\/photographe-professionnel\\\/nos-metiers-nos-professions\\\/\"],\"url\":\"https:\\\/\\\/www.audacieuse-galerie.ch\\\/de\\\/author\\\/stephan\\\/\"}]}<\/script>\n<!-- \/ Yoast SEO plugin. -->","yoast_head_json":{"title":"Fotograf von Kleidung, Textilien, an Modellen oder Schaufensterpuppen - Audacieuse-Galerie","description":"Fotograf von Kleidung, Textilien, an Modellen oder Schaufensterpuppen - Audacieuse-Galerie","robots":{"index":"index","follow":"follow","max-snippet":"max-snippet:-1","max-image-preview":"max-image-preview:large","max-video-preview":"max-video-preview:-1"},"canonical":"https:\/\/www.audacieuse-galerie.ch\/de\/fotograf-von-kleidung-textilien-an-modellen-oder-schaufensterpuppen\/","og_locale":"de_DE","og_type":"article","og_title":"Fotograf von Kleidung, Textilien, an Modellen oder Schaufensterpuppen - Audacieuse-Galerie","og_description":"Fotograf von Kleidung, Textilien, an Modellen oder Schaufensterpuppen - Audacieuse-Galerie","og_url":"https:\/\/www.audacieuse-galerie.ch\/de\/fotograf-von-kleidung-textilien-an-modellen-oder-schaufensterpuppen\/","og_site_name":"Audacieuse-Galerie","article_publisher":"https:\/\/www.facebook.com\/audacieuse.galerie","article_published_time":"2023-05-22T09:19:22+00:00","article_modified_time":"2024-05-23T13:51:08+00:00","og_image":[{"width":1100,"height":550,"url":"https:\/\/www.audacieuse-galerie.ch\/wp-content\/uploads\/2024\/04\/pull.jpg","type":"image\/jpeg"}],"author":"St\u00e9phan","twitter_card":"summary_large_image","twitter_misc":{"Verfasst von":"St\u00e9phan","Gesch\u00e4tzte Lesezeit":"3 Minuten"},"schema":{"@context":"https:\/\/schema.org","@graph":[{"@type":"Article","@id":"https:\/\/www.audacieuse-galerie.ch\/de\/fotograf-von-kleidung-textilien-an-modellen-oder-schaufensterpuppen\/#article","isPartOf":{"@id":"https:\/\/www.audacieuse-galerie.ch\/de\/fotograf-von-kleidung-textilien-an-modellen-oder-schaufensterpuppen\/"},"author":{"name":"St\u00e9phan","@id":"https:\/\/www.audacieuse-galerie.ch\/de\/#\/schema\/person\/486419dd5878c49936c00de9a46a5df3"},"headline":"Fotograf von Kleidung, Textilien, an Modellen oder Schaufensterpuppen","datePublished":"2023-05-22T09:19:22+00:00","dateModified":"2024-05-23T13:51:08+00:00","mainEntityOfPage":{"@id":"https:\/\/www.audacieuse-galerie.ch\/de\/fotograf-von-kleidung-textilien-an-modellen-oder-schaufensterpuppen\/"},"wordCount":510,"image":{"@id":"https:\/\/www.audacieuse-galerie.ch\/de\/fotograf-von-kleidung-textilien-an-modellen-oder-schaufensterpuppen\/#primaryimage"},"thumbnailUrl":"https:\/\/www.audacieuse-galerie.ch\/wp-content\/uploads\/2024\/04\/pull.jpg","articleSection":["Blog - Studio","Blog Bilder - Studio- und Kunstfotografie"],"inLanguage":"de"},{"@type":"WebPage","@id":"https:\/\/www.audacieuse-galerie.ch\/de\/fotograf-von-kleidung-textilien-an-modellen-oder-schaufensterpuppen\/","url":"https:\/\/www.audacieuse-galerie.ch\/de\/fotograf-von-kleidung-textilien-an-modellen-oder-schaufensterpuppen\/","name":"Fotograf von Kleidung, Textilien, an Modellen oder Schaufensterpuppen - Audacieuse-Galerie","isPartOf":{"@id":"https:\/\/www.audacieuse-galerie.ch\/de\/#website"},"primaryImageOfPage":{"@id":"https:\/\/www.audacieuse-galerie.ch\/de\/fotograf-von-kleidung-textilien-an-modellen-oder-schaufensterpuppen\/#primaryimage"},"image":{"@id":"https:\/\/www.audacieuse-galerie.ch\/de\/fotograf-von-kleidung-textilien-an-modellen-oder-schaufensterpuppen\/#primaryimage"},"thumbnailUrl":"https:\/\/www.audacieuse-galerie.ch\/wp-content\/uploads\/2024\/04\/pull.jpg","datePublished":"2023-05-22T09:19:22+00:00","dateModified":"2024-05-23T13:51:08+00:00","author":{"@id":"https:\/\/www.audacieuse-galerie.ch\/de\/#\/schema\/person\/486419dd5878c49936c00de9a46a5df3"},"description":"Fotograf von Kleidung, Textilien, an Modellen oder Schaufensterpuppen - Audacieuse-Galerie","breadcrumb":{"@id":"https:\/\/www.audacieuse-galerie.ch\/de\/fotograf-von-kleidung-textilien-an-modellen-oder-schaufensterpuppen\/#breadcrumb"},"inLanguage":"de","potentialAction":[{"@type":"ReadAction","target":["https:\/\/www.audacieuse-galerie.ch\/de\/fotograf-von-kleidung-textilien-an-modellen-oder-schaufensterpuppen\/"]}]},{"@type":"ImageObject","inLanguage":"de","@id":"https:\/\/www.audacieuse-galerie.ch\/de\/fotograf-von-kleidung-textilien-an-modellen-oder-schaufensterpuppen\/#primaryimage","url":"https:\/\/www.audacieuse-galerie.ch\/wp-content\/uploads\/2024\/04\/pull.jpg","contentUrl":"https:\/\/www.audacieuse-galerie.ch\/wp-content\/uploads\/2024\/04\/pull.jpg","width":1100,"height":550,"caption":"Personne retirant son pull."},{"@type":"BreadcrumbList","@id":"https:\/\/www.audacieuse-galerie.ch\/de\/fotograf-von-kleidung-textilien-an-modellen-oder-schaufensterpuppen\/#breadcrumb","itemListElement":[{"@type":"ListItem","position":1,"name":"Heim","item":"https:\/\/www.audacieuse-galerie.ch\/de\/startseite-demo\/"},{"@type":"ListItem","position":2,"name":"Fotograf von Kleidung, Textilien, an Modellen oder Schaufensterpuppen"}]},{"@type":"WebSite","@id":"https:\/\/www.audacieuse-galerie.ch\/de\/#website","url":"https:\/\/www.audacieuse-galerie.ch\/de\/","name":"Audacieuse-Galerie","description":"Mode et Images","potentialAction":[{"@type":"SearchAction","target":{"@type":"EntryPoint","urlTemplate":"https:\/\/www.audacieuse-galerie.ch\/de\/?s={search_term_string}"},"query-input":{"@type":"PropertyValueSpecification","valueRequired":true,"valueName":"search_term_string"}}],"inLanguage":"de"},{"@type":"Person","@id":"https:\/\/www.audacieuse-galerie.ch\/de\/#\/schema\/person\/486419dd5878c49936c00de9a46a5df3","name":"St\u00e9phan","image":{"@type":"ImageObject","inLanguage":"de","@id":"https:\/\/secure.gravatar.com\/avatar\/0a7e31760a604618ac69fbd1af3e5a766d689deab164c3f9e56d0f57485ec932?s=96&d=mm&r=g","url":"https:\/\/secure.gravatar.com\/avatar\/0a7e31760a604618ac69fbd1af3e5a766d689deab164c3f9e56d0f57485ec932?s=96&d=mm&r=g","contentUrl":"https:\/\/secure.gravatar.com\/avatar\/0a7e31760a604618ac69fbd1af3e5a766d689deab164c3f9e56d0f57485ec932?s=96&d=mm&r=g","caption":"St\u00e9phan"},"description":"St\u00e9phan, photographer and director, began his career behind the lens before moving into documentary and advertising film production. In 2016, he founded his own studio and gallery, where striking visuals and digital marketing innovations come together. His avant-garde approach explores the boundaries of art and digital communication, brilliantly and accurately capturing the essence of the contemporary world.","sameAs":["https:\/\/woo.audacieuse-galerie.ch\/photographe-professionnel\/nos-metiers-nos-professions\/"],"url":"https:\/\/www.audacieuse-galerie.ch\/de\/author\/stephan\/"}]}},"jetpack_publicize_connections":[],"jetpack_featured_media_url":"https:\/\/www.audacieuse-galerie.ch\/wp-content\/uploads\/2024\/04\/pull.jpg","menu_order":0,"_links":{"self":[{"href":"https:\/\/www.audacieuse-galerie.ch\/de\/wp-json\/wp\/v2\/posts\/74964","targetHints":{"allow":["GET"]}}],"collection":[{"href":"https:\/\/www.audacieuse-galerie.ch\/de\/wp-json\/wp\/v2\/posts"}],"about":[{"href":"https:\/\/www.audacieuse-galerie.ch\/de\/wp-json\/wp\/v2\/types\/post"}],"author":[{"embeddable":true,"href":"https:\/\/www.audacieuse-galerie.ch\/de\/wp-json\/wp\/v2\/users\/1"}],"replies":[{"embeddable":true,"href":"https:\/\/www.audacieuse-galerie.ch\/de\/wp-json\/wp\/v2\/comments?post=74964"}],"version-history":[{"count":0,"href":"https:\/\/www.audacieuse-galerie.ch\/de\/wp-json\/wp\/v2\/posts\/74964\/revisions"}],"wp:featuredmedia":[{"embeddable":true,"href":"https:\/\/www.audacieuse-galerie.ch\/de\/wp-json\/wp\/v2\/media\/74375"}],"wp:attachment":[{"href":"https:\/\/www.audacieuse-galerie.ch\/de\/wp-json\/wp\/v2\/media?parent=74964"}],"wp:term":[{"taxonomy":"category","embeddable":true,"href":"https:\/\/www.audacieuse-galerie.ch\/de\/wp-json\/wp\/v2\/categories?post=74964"},{"taxonomy":"post_tag","embeddable":true,"href":"https:\/\/www.audacieuse-galerie.ch\/de\/wp-json\/wp\/v2\/tags?post=74964"}],"curies":[{"name":"wp","href":"https:\/\/api.w.org\/{rel}","templated":true}]}}