{"id":111,"count":213,"description":"Seit dem Verfahren der Farbfotografie auf Basis von Kartoffelst\u00e4rke, genannt \"Autochrom\" der Br\u00fcder Lumi\u00e8re, hat die Farbfotografie einen weiten Weg zur\u00fcckgelegt. Wenn einige Fotografen glauben, dass die \"farbige Komplikation\" die visuelle Vereinfachung st\u00f6rt und die W\u00fcnsche des K\u00fcnstlers wegnimmt, geben andere ihr den Vorzug einer leichten Lesbarkeit und nat\u00fcrlichen Wahrnehmung und damit einer Impr\u00e4gnierung des Werkes. Heute ist die Farbfotografie ein fester Bestandteil des Bildes und ihre Anwendung hat sich in den meisten fotografischen Anwendungen durchgesetzt.","link":"https:\/\/www.audacieuse-galerie.ch\/de\/categorie-produit\/kunst-und-fotogalerie-in-carouge-gleich-neben-genf-schweiz\/fotografische-techniken\/farben\/","name":"Farben","slug":"farben","taxonomy":"product_cat","parent":87,"meta":[],"menu_order":0,"yoast_head":"<!-- This site is optimized with the Yoast SEO plugin v27.4 - https:\/\/yoast.com\/product\/yoast-seo-wordpress\/ -->\n<title>Farben -<\/title>\n<meta name=\"description\" content=\"Farben - Kunst und Fotogalerie in Carouge gleich neben Genf \u2013 Schweiz. - Fotografische Techniken - Farben Audacieuse-Galerie\" \/>\n<meta name=\"robots\" content=\"index, follow, max-snippet:-1, max-image-preview:large, max-video-preview:-1\" \/>\n<link rel=\"canonical\" href=\"https:\/\/www.audacieuse-galerie.ch\/de\/categorie-produit\/kunst-und-fotogalerie-in-carouge-gleich-neben-genf-schweiz\/fotografische-techniken\/farben\/\" \/>\n<meta property=\"og:locale\" content=\"de_DE\" \/>\n<meta property=\"og:type\" content=\"article\" \/>\n<meta property=\"og:title\" content=\"Farben -\" \/>\n<meta property=\"og:description\" content=\"Farben - Kunst und Fotogalerie in Carouge gleich neben Genf \u2013 Schweiz. - Fotografische Techniken - Farben Audacieuse-Galerie\" \/>\n<meta property=\"og:url\" content=\"https:\/\/www.audacieuse-galerie.ch\/de\/categorie-produit\/kunst-und-fotogalerie-in-carouge-gleich-neben-genf-schweiz\/fotografische-techniken\/farben\/\" \/>\n<meta property=\"og:site_name\" content=\"Audacieuse-Galerie\" \/>\n<meta name=\"twitter:card\" content=\"summary_large_image\" \/>\n<script type=\"application\/ld+json\" class=\"yoast-schema-graph\">{\"@context\":\"https:\\\/\\\/schema.org\",\"@graph\":[{\"@type\":\"CollectionPage\",\"@id\":\"https:\\\/\\\/www.audacieuse-galerie.ch\\\/de\\\/categorie-produit\\\/kunst-und-fotogalerie-in-carouge-gleich-neben-genf-schweiz\\\/fotografische-techniken\\\/farben\\\/\",\"url\":\"https:\\\/\\\/www.audacieuse-galerie.ch\\\/de\\\/categorie-produit\\\/kunst-und-fotogalerie-in-carouge-gleich-neben-genf-schweiz\\\/fotografische-techniken\\\/farben\\\/\",\"name\":\"Farben -\",\"isPartOf\":{\"@id\":\"https:\\\/\\\/www.audacieuse-galerie.ch\\\/de\\\/#website\"},\"description\":\"Farben - Kunst und Fotogalerie in Carouge gleich neben Genf \u2013 Schweiz. - Fotografische Techniken - Farben Audacieuse-Galerie\",\"breadcrumb\":{\"@id\":\"https:\\\/\\\/www.audacieuse-galerie.ch\\\/de\\\/categorie-produit\\\/kunst-und-fotogalerie-in-carouge-gleich-neben-genf-schweiz\\\/fotografische-techniken\\\/farben\\\/#breadcrumb\"},\"inLanguage\":\"de\"},{\"@type\":\"BreadcrumbList\",\"@id\":\"https:\\\/\\\/www.audacieuse-galerie.ch\\\/de\\\/categorie-produit\\\/kunst-und-fotogalerie-in-carouge-gleich-neben-genf-schweiz\\\/fotografische-techniken\\\/farben\\\/#breadcrumb\",\"itemListElement\":[{\"@type\":\"ListItem\",\"position\":1,\"name\":\"Heim\",\"item\":\"https:\\\/\\\/www.audacieuse-galerie.ch\\\/de\\\/\"},{\"@type\":\"ListItem\",\"position\":2,\"name\":\"Kunst und Fotogalerie in Carouge gleich neben Genf \u2013 Schweiz.\",\"item\":\"https:\\\/\\\/www.audacieuse-galerie.ch\\\/de\\\/categorie-produit\\\/kunst-und-fotogalerie-in-carouge-gleich-neben-genf-schweiz\\\/\"},{\"@type\":\"ListItem\",\"position\":3,\"name\":\"Fotografische Techniken\",\"item\":\"https:\\\/\\\/www.audacieuse-galerie.ch\\\/de\\\/categorie-produit\\\/kunst-und-fotogalerie-in-carouge-gleich-neben-genf-schweiz\\\/fotografische-techniken\\\/\"},{\"@type\":\"ListItem\",\"position\":4,\"name\":\"Farben\"}]},{\"@type\":\"WebSite\",\"@id\":\"https:\\\/\\\/www.audacieuse-galerie.ch\\\/de\\\/#website\",\"url\":\"https:\\\/\\\/www.audacieuse-galerie.ch\\\/de\\\/\",\"name\":\"Audacieuse-Galerie\",\"description\":\"Mode et Images\",\"potentialAction\":[{\"@type\":\"SearchAction\",\"target\":{\"@type\":\"EntryPoint\",\"urlTemplate\":\"https:\\\/\\\/www.audacieuse-galerie.ch\\\/de\\\/?s={search_term_string}\"},\"query-input\":{\"@type\":\"PropertyValueSpecification\",\"valueRequired\":true,\"valueName\":\"search_term_string\"}}],\"inLanguage\":\"de\"}]}<\/script>\n<!-- \/ Yoast SEO plugin. -->","yoast_head_json":{"title":"Farben -","description":"Farben - Kunst und Fotogalerie in Carouge gleich neben Genf \u2013 Schweiz. - Fotografische Techniken - Farben Audacieuse-Galerie","robots":{"index":"index","follow":"follow","max-snippet":"max-snippet:-1","max-image-preview":"max-image-preview:large","max-video-preview":"max-video-preview:-1"},"canonical":"https:\/\/www.audacieuse-galerie.ch\/de\/categorie-produit\/kunst-und-fotogalerie-in-carouge-gleich-neben-genf-schweiz\/fotografische-techniken\/farben\/","og_locale":"de_DE","og_type":"article","og_title":"Farben -","og_description":"Farben - Kunst und Fotogalerie in Carouge gleich neben Genf \u2013 Schweiz. - Fotografische Techniken - Farben Audacieuse-Galerie","og_url":"https:\/\/www.audacieuse-galerie.ch\/de\/categorie-produit\/kunst-und-fotogalerie-in-carouge-gleich-neben-genf-schweiz\/fotografische-techniken\/farben\/","og_site_name":"Audacieuse-Galerie","twitter_card":"summary_large_image","schema":{"@context":"https:\/\/schema.org","@graph":[{"@type":"CollectionPage","@id":"https:\/\/www.audacieuse-galerie.ch\/de\/categorie-produit\/kunst-und-fotogalerie-in-carouge-gleich-neben-genf-schweiz\/fotografische-techniken\/farben\/","url":"https:\/\/www.audacieuse-galerie.ch\/de\/categorie-produit\/kunst-und-fotogalerie-in-carouge-gleich-neben-genf-schweiz\/fotografische-techniken\/farben\/","name":"Farben -","isPartOf":{"@id":"https:\/\/www.audacieuse-galerie.ch\/de\/#website"},"description":"Farben - Kunst und Fotogalerie in Carouge gleich neben Genf \u2013 Schweiz. - Fotografische Techniken - Farben Audacieuse-Galerie","breadcrumb":{"@id":"https:\/\/www.audacieuse-galerie.ch\/de\/categorie-produit\/kunst-und-fotogalerie-in-carouge-gleich-neben-genf-schweiz\/fotografische-techniken\/farben\/#breadcrumb"},"inLanguage":"de"},{"@type":"BreadcrumbList","@id":"https:\/\/www.audacieuse-galerie.ch\/de\/categorie-produit\/kunst-und-fotogalerie-in-carouge-gleich-neben-genf-schweiz\/fotografische-techniken\/farben\/#breadcrumb","itemListElement":[{"@type":"ListItem","position":1,"name":"Heim","item":"https:\/\/www.audacieuse-galerie.ch\/de\/"},{"@type":"ListItem","position":2,"name":"Kunst und Fotogalerie in Carouge gleich neben Genf \u2013 Schweiz.","item":"https:\/\/www.audacieuse-galerie.ch\/de\/categorie-produit\/kunst-und-fotogalerie-in-carouge-gleich-neben-genf-schweiz\/"},{"@type":"ListItem","position":3,"name":"Fotografische Techniken","item":"https:\/\/www.audacieuse-galerie.ch\/de\/categorie-produit\/kunst-und-fotogalerie-in-carouge-gleich-neben-genf-schweiz\/fotografische-techniken\/"},{"@type":"ListItem","position":4,"name":"Farben"}]},{"@type":"WebSite","@id":"https:\/\/www.audacieuse-galerie.ch\/de\/#website","url":"https:\/\/www.audacieuse-galerie.ch\/de\/","name":"Audacieuse-Galerie","description":"Mode et Images","potentialAction":[{"@type":"SearchAction","target":{"@type":"EntryPoint","urlTemplate":"https:\/\/www.audacieuse-galerie.ch\/de\/?s={search_term_string}"},"query-input":{"@type":"PropertyValueSpecification","valueRequired":true,"valueName":"search_term_string"}}],"inLanguage":"de"}]}},"_links":{"self":[{"href":"https:\/\/www.audacieuse-galerie.ch\/de\/wp-json\/wp\/v2\/product_cat\/111","targetHints":{"allow":["GET"]}}],"collection":[{"href":"https:\/\/www.audacieuse-galerie.ch\/de\/wp-json\/wp\/v2\/product_cat"}],"about":[{"href":"https:\/\/www.audacieuse-galerie.ch\/de\/wp-json\/wp\/v2\/taxonomies\/product_cat"}],"up":[{"embeddable":true,"href":"https:\/\/www.audacieuse-galerie.ch\/de\/wp-json\/wp\/v2\/product_cat\/87"}],"wp:post_type":[{"href":"https:\/\/www.audacieuse-galerie.ch\/de\/wp-json\/wp\/v2\/product?product_cat=111"}],"curies":[{"name":"wp","href":"https:\/\/api.w.org\/{rel}","templated":true}]}}