{"id":2224,"count":8,"description":"Brice mag die Fotografie als Ganzes, er mag es nicht, in einen Sektor \"unterteilt\" zu werden, er macht Portr\u00e4ts, Mode, Stra\u00dfenfotografie, Stillleben. Seine Neugier ist in seinen Bildern zu sp\u00fcren, er mischt gerne Stile, Techniken, er fotografiert sowohl auf Film als auch digital. Seine Arbeiten wurden in vielen Medien ver\u00f6ffentlicht, wie z.B. Konbini, Museum Magazine, Fubiz, Wad Magazine, Yet Magazine, Eclectic Magazine, Humble Arts Foundation, Juxtapoz Magazine. Brice Krummenacker wurde 1978 in Paris geboren, er lebt in Paris. Als Autodidakt begann er als Assistent eines Fotografen, er arbeitete regelm\u00e4\u00dfig in einem Fotostudio, Brice interessierte sich schnell f\u00fcr konzeptuelle und zeitgen\u00f6ssische Fotografie. Einen Namen machte er sich 2016 mit seiner Serie \"The Ordinary Life of Robert the Extraterrestrial\", die f\u00fcr das Plakat des Circulations-Festivals ausgew\u00e4hlt wurde.","link":"https:\/\/www.audacieuse-galerie.ch\/de\/categorie-produit\/kunst-und-fotogalerie-in-carouge-gleich-neben-genf-schweiz\/kunstler-fotografen\/fotograf-brice-krummernacker\/","name":"Fotograf: Brice Krummernacker","slug":"fotograf-brice-krummernacker","taxonomy":"product_cat","parent":2222,"meta":[],"menu_order":0,"yoast_head":"<!-- This site is optimized with the Yoast SEO plugin v27.5 - https:\/\/yoast.com\/product\/yoast-seo-wordpress\/ -->\n<title>Fotograf: Brice Krummernacker -<\/title>\n<meta name=\"description\" content=\"Fotograf: Brice Krummernacker - Kunst und Fotogalerie in Carouge gleich neben Genf \u2013 Schweiz. - K\u00fcnstler-Fotografen - Fotograf: Brice Krummernacker Audacieuse-Galerie\" \/>\n<meta name=\"robots\" content=\"index, follow, max-snippet:-1, max-image-preview:large, max-video-preview:-1\" \/>\n<link rel=\"canonical\" href=\"https:\/\/www.audacieuse-galerie.ch\/de\/categorie-produit\/kunst-und-fotogalerie-in-carouge-gleich-neben-genf-schweiz\/kunstler-fotografen\/fotograf-brice-krummernacker\/\" \/>\n<meta property=\"og:locale\" content=\"de_DE\" \/>\n<meta property=\"og:type\" content=\"article\" \/>\n<meta property=\"og:title\" content=\"Fotograf: Brice Krummernacker -\" \/>\n<meta property=\"og:description\" content=\"Fotograf: Brice Krummernacker - Kunst und Fotogalerie in Carouge gleich neben Genf \u2013 Schweiz. - K\u00fcnstler-Fotografen - Fotograf: Brice Krummernacker Audacieuse-Galerie\" \/>\n<meta property=\"og:url\" content=\"https:\/\/www.audacieuse-galerie.ch\/de\/categorie-produit\/kunst-und-fotogalerie-in-carouge-gleich-neben-genf-schweiz\/kunstler-fotografen\/fotograf-brice-krummernacker\/\" \/>\n<meta property=\"og:site_name\" content=\"Audacieuse-Galerie\" \/>\n<meta name=\"twitter:card\" content=\"summary_large_image\" \/>\n<script type=\"application\/ld+json\" class=\"yoast-schema-graph\">{\"@context\":\"https:\\\/\\\/schema.org\",\"@graph\":[{\"@type\":\"CollectionPage\",\"@id\":\"https:\\\/\\\/www.audacieuse-galerie.ch\\\/de\\\/categorie-produit\\\/kunst-und-fotogalerie-in-carouge-gleich-neben-genf-schweiz\\\/kunstler-fotografen\\\/fotograf-brice-krummernacker\\\/\",\"url\":\"https:\\\/\\\/www.audacieuse-galerie.ch\\\/de\\\/categorie-produit\\\/kunst-und-fotogalerie-in-carouge-gleich-neben-genf-schweiz\\\/kunstler-fotografen\\\/fotograf-brice-krummernacker\\\/\",\"name\":\"Fotograf: Brice Krummernacker -\",\"isPartOf\":{\"@id\":\"https:\\\/\\\/www.audacieuse-galerie.ch\\\/de\\\/#website\"},\"description\":\"Fotograf: Brice Krummernacker - Kunst und Fotogalerie in Carouge gleich neben Genf \u2013 Schweiz. - K\u00fcnstler-Fotografen - Fotograf: Brice Krummernacker Audacieuse-Galerie\",\"breadcrumb\":{\"@id\":\"https:\\\/\\\/www.audacieuse-galerie.ch\\\/de\\\/categorie-produit\\\/kunst-und-fotogalerie-in-carouge-gleich-neben-genf-schweiz\\\/kunstler-fotografen\\\/fotograf-brice-krummernacker\\\/#breadcrumb\"},\"inLanguage\":\"de\"},{\"@type\":\"BreadcrumbList\",\"@id\":\"https:\\\/\\\/www.audacieuse-galerie.ch\\\/de\\\/categorie-produit\\\/kunst-und-fotogalerie-in-carouge-gleich-neben-genf-schweiz\\\/kunstler-fotografen\\\/fotograf-brice-krummernacker\\\/#breadcrumb\",\"itemListElement\":[{\"@type\":\"ListItem\",\"position\":1,\"name\":\"Heim\",\"item\":\"https:\\\/\\\/www.audacieuse-galerie.ch\\\/de\\\/\"},{\"@type\":\"ListItem\",\"position\":2,\"name\":\"Kunst und Fotogalerie in Carouge gleich neben Genf \u2013 Schweiz.\",\"item\":\"https:\\\/\\\/www.audacieuse-galerie.ch\\\/de\\\/categorie-produit\\\/kunst-und-fotogalerie-in-carouge-gleich-neben-genf-schweiz\\\/\"},{\"@type\":\"ListItem\",\"position\":3,\"name\":\"K\u00fcnstler-Fotografen\",\"item\":\"https:\\\/\\\/www.audacieuse-galerie.ch\\\/de\\\/categorie-produit\\\/kunst-und-fotogalerie-in-carouge-gleich-neben-genf-schweiz\\\/kunstler-fotografen\\\/\"},{\"@type\":\"ListItem\",\"position\":4,\"name\":\"Fotograf: Brice Krummernacker\"}]},{\"@type\":\"WebSite\",\"@id\":\"https:\\\/\\\/www.audacieuse-galerie.ch\\\/de\\\/#website\",\"url\":\"https:\\\/\\\/www.audacieuse-galerie.ch\\\/de\\\/\",\"name\":\"Audacieuse-Galerie\",\"description\":\"Mode et Images\",\"potentialAction\":[{\"@type\":\"SearchAction\",\"target\":{\"@type\":\"EntryPoint\",\"urlTemplate\":\"https:\\\/\\\/www.audacieuse-galerie.ch\\\/de\\\/?s={search_term_string}\"},\"query-input\":{\"@type\":\"PropertyValueSpecification\",\"valueRequired\":true,\"valueName\":\"search_term_string\"}}],\"inLanguage\":\"de\"}]}<\/script>\n<!-- \/ Yoast SEO plugin. -->","yoast_head_json":{"title":"Fotograf: Brice Krummernacker -","description":"Fotograf: Brice Krummernacker - Kunst und Fotogalerie in Carouge gleich neben Genf \u2013 Schweiz. - K\u00fcnstler-Fotografen - Fotograf: Brice Krummernacker Audacieuse-Galerie","robots":{"index":"index","follow":"follow","max-snippet":"max-snippet:-1","max-image-preview":"max-image-preview:large","max-video-preview":"max-video-preview:-1"},"canonical":"https:\/\/www.audacieuse-galerie.ch\/de\/categorie-produit\/kunst-und-fotogalerie-in-carouge-gleich-neben-genf-schweiz\/kunstler-fotografen\/fotograf-brice-krummernacker\/","og_locale":"de_DE","og_type":"article","og_title":"Fotograf: Brice Krummernacker -","og_description":"Fotograf: Brice Krummernacker - Kunst und Fotogalerie in Carouge gleich neben Genf \u2013 Schweiz. - K\u00fcnstler-Fotografen - Fotograf: Brice Krummernacker Audacieuse-Galerie","og_url":"https:\/\/www.audacieuse-galerie.ch\/de\/categorie-produit\/kunst-und-fotogalerie-in-carouge-gleich-neben-genf-schweiz\/kunstler-fotografen\/fotograf-brice-krummernacker\/","og_site_name":"Audacieuse-Galerie","twitter_card":"summary_large_image","schema":{"@context":"https:\/\/schema.org","@graph":[{"@type":"CollectionPage","@id":"https:\/\/www.audacieuse-galerie.ch\/de\/categorie-produit\/kunst-und-fotogalerie-in-carouge-gleich-neben-genf-schweiz\/kunstler-fotografen\/fotograf-brice-krummernacker\/","url":"https:\/\/www.audacieuse-galerie.ch\/de\/categorie-produit\/kunst-und-fotogalerie-in-carouge-gleich-neben-genf-schweiz\/kunstler-fotografen\/fotograf-brice-krummernacker\/","name":"Fotograf: Brice Krummernacker -","isPartOf":{"@id":"https:\/\/www.audacieuse-galerie.ch\/de\/#website"},"description":"Fotograf: Brice Krummernacker - Kunst und Fotogalerie in Carouge gleich neben Genf \u2013 Schweiz. - K\u00fcnstler-Fotografen - Fotograf: Brice Krummernacker Audacieuse-Galerie","breadcrumb":{"@id":"https:\/\/www.audacieuse-galerie.ch\/de\/categorie-produit\/kunst-und-fotogalerie-in-carouge-gleich-neben-genf-schweiz\/kunstler-fotografen\/fotograf-brice-krummernacker\/#breadcrumb"},"inLanguage":"de"},{"@type":"BreadcrumbList","@id":"https:\/\/www.audacieuse-galerie.ch\/de\/categorie-produit\/kunst-und-fotogalerie-in-carouge-gleich-neben-genf-schweiz\/kunstler-fotografen\/fotograf-brice-krummernacker\/#breadcrumb","itemListElement":[{"@type":"ListItem","position":1,"name":"Heim","item":"https:\/\/www.audacieuse-galerie.ch\/de\/"},{"@type":"ListItem","position":2,"name":"Kunst und Fotogalerie in Carouge gleich neben Genf \u2013 Schweiz.","item":"https:\/\/www.audacieuse-galerie.ch\/de\/categorie-produit\/kunst-und-fotogalerie-in-carouge-gleich-neben-genf-schweiz\/"},{"@type":"ListItem","position":3,"name":"K\u00fcnstler-Fotografen","item":"https:\/\/www.audacieuse-galerie.ch\/de\/categorie-produit\/kunst-und-fotogalerie-in-carouge-gleich-neben-genf-schweiz\/kunstler-fotografen\/"},{"@type":"ListItem","position":4,"name":"Fotograf: Brice Krummernacker"}]},{"@type":"WebSite","@id":"https:\/\/www.audacieuse-galerie.ch\/de\/#website","url":"https:\/\/www.audacieuse-galerie.ch\/de\/","name":"Audacieuse-Galerie","description":"Mode et Images","potentialAction":[{"@type":"SearchAction","target":{"@type":"EntryPoint","urlTemplate":"https:\/\/www.audacieuse-galerie.ch\/de\/?s={search_term_string}"},"query-input":{"@type":"PropertyValueSpecification","valueRequired":true,"valueName":"search_term_string"}}],"inLanguage":"de"}]}},"_links":{"self":[{"href":"https:\/\/www.audacieuse-galerie.ch\/de\/wp-json\/wp\/v2\/product_cat\/2224","targetHints":{"allow":["GET"]}}],"collection":[{"href":"https:\/\/www.audacieuse-galerie.ch\/de\/wp-json\/wp\/v2\/product_cat"}],"about":[{"href":"https:\/\/www.audacieuse-galerie.ch\/de\/wp-json\/wp\/v2\/taxonomies\/product_cat"}],"up":[{"embeddable":true,"href":"https:\/\/www.audacieuse-galerie.ch\/de\/wp-json\/wp\/v2\/product_cat\/2222"}],"wp:post_type":[{"href":"https:\/\/www.audacieuse-galerie.ch\/de\/wp-json\/wp\/v2\/product?product_cat=2224"}],"curies":[{"name":"wp","href":"https:\/\/api.w.org\/{rel}","templated":true}]}}