{"id":234,"count":61,"description":"Im n\u00e4chtlichen Glanz der St\u00e4dte verwandelt sich die Stadtfotografie in einen fesselnden Tanz aus Lichtern und Linien. Wolkenkratzer ragen wie moderne Gedichte in die H\u00f6he und spiegeln die st\u00fcrmische Seele der Metropolen wider. Jede Stra\u00dfenecke wird zur Leinwand, auf der der K\u00fcnstler den fl\u00fcchtigen Moment einf\u00e4ngt und die hektische Bewegung des Stadtlebens einfriert. Durch die Linse offenbaren vibrierende Kontraste und fl\u00fcchtige Texturen eine ungeahnte Sch\u00f6nheit im Herzen des Betons. Auf diese Weise geht die Stadtfotografie \u00fcber den einfachen Schnappschuss hinaus und wird zu einer visuellen Ode an das pulsierende Leben in der Stadt.\r\n\r\nFotografie: Charlotte Bresson","link":"https:\/\/www.audacieuse-galerie.ch\/de\/categorie-produit\/kunst-und-fotogalerie-in-carouge-gleich-neben-genf-schweiz\/kunst-fotografie\/staedtisch\/","name":"St\u00e4dtisch","slug":"staedtisch","taxonomy":"product_cat","parent":48,"meta":[],"menu_order":0,"yoast_head":"<!-- This site is optimized with the Yoast SEO plugin v27.5 - https:\/\/yoast.com\/product\/yoast-seo-wordpress\/ -->\n<title>St\u00e4dtisch -<\/title>\n<meta name=\"description\" content=\"St\u00e4dtisch - Kunst und Fotogalerie in Carouge gleich neben Genf \u2013 Schweiz. - Kunst Fotografie - St\u00e4dtisch Audacieuse-Galerie\" \/>\n<meta name=\"robots\" content=\"index, follow, max-snippet:-1, max-image-preview:large, max-video-preview:-1\" \/>\n<link rel=\"canonical\" href=\"https:\/\/www.audacieuse-galerie.ch\/de\/categorie-produit\/kunst-und-fotogalerie-in-carouge-gleich-neben-genf-schweiz\/kunst-fotografie\/staedtisch\/\" \/>\n<meta property=\"og:locale\" content=\"de_DE\" \/>\n<meta property=\"og:type\" content=\"article\" \/>\n<meta property=\"og:title\" content=\"St\u00e4dtisch -\" \/>\n<meta property=\"og:description\" content=\"St\u00e4dtisch - Kunst und Fotogalerie in Carouge gleich neben Genf \u2013 Schweiz. - Kunst Fotografie - St\u00e4dtisch Audacieuse-Galerie\" \/>\n<meta property=\"og:url\" content=\"https:\/\/www.audacieuse-galerie.ch\/de\/categorie-produit\/kunst-und-fotogalerie-in-carouge-gleich-neben-genf-schweiz\/kunst-fotografie\/staedtisch\/\" \/>\n<meta property=\"og:site_name\" content=\"Audacieuse-Galerie\" \/>\n<meta name=\"twitter:card\" content=\"summary_large_image\" \/>\n<script type=\"application\/ld+json\" class=\"yoast-schema-graph\">{\"@context\":\"https:\\\/\\\/schema.org\",\"@graph\":[{\"@type\":\"CollectionPage\",\"@id\":\"https:\\\/\\\/www.audacieuse-galerie.ch\\\/de\\\/categorie-produit\\\/kunst-und-fotogalerie-in-carouge-gleich-neben-genf-schweiz\\\/kunst-fotografie\\\/staedtisch\\\/\",\"url\":\"https:\\\/\\\/www.audacieuse-galerie.ch\\\/de\\\/categorie-produit\\\/kunst-und-fotogalerie-in-carouge-gleich-neben-genf-schweiz\\\/kunst-fotografie\\\/staedtisch\\\/\",\"name\":\"St\u00e4dtisch -\",\"isPartOf\":{\"@id\":\"https:\\\/\\\/www.audacieuse-galerie.ch\\\/de\\\/#website\"},\"description\":\"St\u00e4dtisch - Kunst und Fotogalerie in Carouge gleich neben Genf \u2013 Schweiz. - Kunst Fotografie - St\u00e4dtisch Audacieuse-Galerie\",\"breadcrumb\":{\"@id\":\"https:\\\/\\\/www.audacieuse-galerie.ch\\\/de\\\/categorie-produit\\\/kunst-und-fotogalerie-in-carouge-gleich-neben-genf-schweiz\\\/kunst-fotografie\\\/staedtisch\\\/#breadcrumb\"},\"inLanguage\":\"de\"},{\"@type\":\"BreadcrumbList\",\"@id\":\"https:\\\/\\\/www.audacieuse-galerie.ch\\\/de\\\/categorie-produit\\\/kunst-und-fotogalerie-in-carouge-gleich-neben-genf-schweiz\\\/kunst-fotografie\\\/staedtisch\\\/#breadcrumb\",\"itemListElement\":[{\"@type\":\"ListItem\",\"position\":1,\"name\":\"Heim\",\"item\":\"https:\\\/\\\/www.audacieuse-galerie.ch\\\/de\\\/\"},{\"@type\":\"ListItem\",\"position\":2,\"name\":\"Kunst und Fotogalerie in Carouge gleich neben Genf \u2013 Schweiz.\",\"item\":\"https:\\\/\\\/www.audacieuse-galerie.ch\\\/de\\\/categorie-produit\\\/kunst-und-fotogalerie-in-carouge-gleich-neben-genf-schweiz\\\/\"},{\"@type\":\"ListItem\",\"position\":3,\"name\":\"Kunst Fotografie\",\"item\":\"https:\\\/\\\/www.audacieuse-galerie.ch\\\/de\\\/categorie-produit\\\/kunst-und-fotogalerie-in-carouge-gleich-neben-genf-schweiz\\\/kunst-fotografie\\\/\"},{\"@type\":\"ListItem\",\"position\":4,\"name\":\"St\u00e4dtisch\"}]},{\"@type\":\"WebSite\",\"@id\":\"https:\\\/\\\/www.audacieuse-galerie.ch\\\/de\\\/#website\",\"url\":\"https:\\\/\\\/www.audacieuse-galerie.ch\\\/de\\\/\",\"name\":\"Audacieuse-Galerie\",\"description\":\"Mode et Images\",\"potentialAction\":[{\"@type\":\"SearchAction\",\"target\":{\"@type\":\"EntryPoint\",\"urlTemplate\":\"https:\\\/\\\/www.audacieuse-galerie.ch\\\/de\\\/?s={search_term_string}\"},\"query-input\":{\"@type\":\"PropertyValueSpecification\",\"valueRequired\":true,\"valueName\":\"search_term_string\"}}],\"inLanguage\":\"de\"}]}<\/script>\n<!-- \/ Yoast SEO plugin. -->","yoast_head_json":{"title":"St\u00e4dtisch -","description":"St\u00e4dtisch - Kunst und Fotogalerie in Carouge gleich neben Genf \u2013 Schweiz. - Kunst Fotografie - St\u00e4dtisch Audacieuse-Galerie","robots":{"index":"index","follow":"follow","max-snippet":"max-snippet:-1","max-image-preview":"max-image-preview:large","max-video-preview":"max-video-preview:-1"},"canonical":"https:\/\/www.audacieuse-galerie.ch\/de\/categorie-produit\/kunst-und-fotogalerie-in-carouge-gleich-neben-genf-schweiz\/kunst-fotografie\/staedtisch\/","og_locale":"de_DE","og_type":"article","og_title":"St\u00e4dtisch -","og_description":"St\u00e4dtisch - Kunst und Fotogalerie in Carouge gleich neben Genf \u2013 Schweiz. - Kunst Fotografie - St\u00e4dtisch Audacieuse-Galerie","og_url":"https:\/\/www.audacieuse-galerie.ch\/de\/categorie-produit\/kunst-und-fotogalerie-in-carouge-gleich-neben-genf-schweiz\/kunst-fotografie\/staedtisch\/","og_site_name":"Audacieuse-Galerie","twitter_card":"summary_large_image","schema":{"@context":"https:\/\/schema.org","@graph":[{"@type":"CollectionPage","@id":"https:\/\/www.audacieuse-galerie.ch\/de\/categorie-produit\/kunst-und-fotogalerie-in-carouge-gleich-neben-genf-schweiz\/kunst-fotografie\/staedtisch\/","url":"https:\/\/www.audacieuse-galerie.ch\/de\/categorie-produit\/kunst-und-fotogalerie-in-carouge-gleich-neben-genf-schweiz\/kunst-fotografie\/staedtisch\/","name":"St\u00e4dtisch -","isPartOf":{"@id":"https:\/\/www.audacieuse-galerie.ch\/de\/#website"},"description":"St\u00e4dtisch - Kunst und Fotogalerie in Carouge gleich neben Genf \u2013 Schweiz. - Kunst Fotografie - St\u00e4dtisch Audacieuse-Galerie","breadcrumb":{"@id":"https:\/\/www.audacieuse-galerie.ch\/de\/categorie-produit\/kunst-und-fotogalerie-in-carouge-gleich-neben-genf-schweiz\/kunst-fotografie\/staedtisch\/#breadcrumb"},"inLanguage":"de"},{"@type":"BreadcrumbList","@id":"https:\/\/www.audacieuse-galerie.ch\/de\/categorie-produit\/kunst-und-fotogalerie-in-carouge-gleich-neben-genf-schweiz\/kunst-fotografie\/staedtisch\/#breadcrumb","itemListElement":[{"@type":"ListItem","position":1,"name":"Heim","item":"https:\/\/www.audacieuse-galerie.ch\/de\/"},{"@type":"ListItem","position":2,"name":"Kunst und Fotogalerie in Carouge gleich neben Genf \u2013 Schweiz.","item":"https:\/\/www.audacieuse-galerie.ch\/de\/categorie-produit\/kunst-und-fotogalerie-in-carouge-gleich-neben-genf-schweiz\/"},{"@type":"ListItem","position":3,"name":"Kunst Fotografie","item":"https:\/\/www.audacieuse-galerie.ch\/de\/categorie-produit\/kunst-und-fotogalerie-in-carouge-gleich-neben-genf-schweiz\/kunst-fotografie\/"},{"@type":"ListItem","position":4,"name":"St\u00e4dtisch"}]},{"@type":"WebSite","@id":"https:\/\/www.audacieuse-galerie.ch\/de\/#website","url":"https:\/\/www.audacieuse-galerie.ch\/de\/","name":"Audacieuse-Galerie","description":"Mode et Images","potentialAction":[{"@type":"SearchAction","target":{"@type":"EntryPoint","urlTemplate":"https:\/\/www.audacieuse-galerie.ch\/de\/?s={search_term_string}"},"query-input":{"@type":"PropertyValueSpecification","valueRequired":true,"valueName":"search_term_string"}}],"inLanguage":"de"}]}},"_links":{"self":[{"href":"https:\/\/www.audacieuse-galerie.ch\/de\/wp-json\/wp\/v2\/product_cat\/234","targetHints":{"allow":["GET"]}}],"collection":[{"href":"https:\/\/www.audacieuse-galerie.ch\/de\/wp-json\/wp\/v2\/product_cat"}],"about":[{"href":"https:\/\/www.audacieuse-galerie.ch\/de\/wp-json\/wp\/v2\/taxonomies\/product_cat"}],"up":[{"embeddable":true,"href":"https:\/\/www.audacieuse-galerie.ch\/de\/wp-json\/wp\/v2\/product_cat\/48"}],"wp:post_type":[{"href":"https:\/\/www.audacieuse-galerie.ch\/de\/wp-json\/wp\/v2\/product?product_cat=234"}],"curies":[{"name":"wp","href":"https:\/\/api.w.org\/{rel}","templated":true}]}}