{"id":237,"count":57,"description":"Im ewigen Tanz von Licht und Schatten wird die Naturfotografie zur Leinwand, auf der sich die Jahreszeiten zu einer Farbsymphonie verflechten. Jeder Schnappschuss f\u00e4ngt die Verg\u00e4nglichkeit ein, friert die leichte Brise in der Bewegung der Bl\u00e4tter und dem zarten Tanz der Blumen ein. Das Objektiv wird zum Pinsel des Fotografen und enth\u00fcllt die stille Poesie der wilden Landschaften. Jedes Bild, ein offenes Fenster zur unver\u00e4nderlichen Sch\u00f6nheit unseres Planeten, wo die Natur ihre Seele in einem lebendigen Bild der Harmonie und Reinheit offenbart.\r\n\r\nFotografie : The twin peaks. T\u00e9o Becher","link":"https:\/\/www.audacieuse-galerie.ch\/de\/categorie-produit\/kunst-und-fotogalerie-in-carouge-gleich-neben-genf-schweiz\/kunst-fotografie\/natur\/","name":"Natur","slug":"natur","taxonomy":"product_cat","parent":48,"meta":[],"menu_order":0,"yoast_head":"<!-- This site is optimized with the Yoast SEO plugin v27.5 - https:\/\/yoast.com\/product\/yoast-seo-wordpress\/ -->\n<title>Natur -<\/title>\n<meta name=\"description\" content=\"Natur - Kunst und Fotogalerie in Carouge gleich neben Genf \u2013 Schweiz. - Kunst Fotografie - Natur Audacieuse-Galerie\" \/>\n<meta name=\"robots\" content=\"index, follow, max-snippet:-1, max-image-preview:large, max-video-preview:-1\" \/>\n<link rel=\"canonical\" href=\"https:\/\/www.audacieuse-galerie.ch\/de\/categorie-produit\/kunst-und-fotogalerie-in-carouge-gleich-neben-genf-schweiz\/kunst-fotografie\/natur\/\" \/>\n<meta property=\"og:locale\" content=\"de_DE\" \/>\n<meta property=\"og:type\" content=\"article\" \/>\n<meta property=\"og:title\" content=\"Natur -\" \/>\n<meta property=\"og:description\" content=\"Natur - Kunst und Fotogalerie in Carouge gleich neben Genf \u2013 Schweiz. - Kunst Fotografie - Natur Audacieuse-Galerie\" \/>\n<meta property=\"og:url\" content=\"https:\/\/www.audacieuse-galerie.ch\/de\/categorie-produit\/kunst-und-fotogalerie-in-carouge-gleich-neben-genf-schweiz\/kunst-fotografie\/natur\/\" \/>\n<meta property=\"og:site_name\" content=\"Audacieuse-Galerie\" \/>\n<meta name=\"twitter:card\" content=\"summary_large_image\" \/>\n<script type=\"application\/ld+json\" class=\"yoast-schema-graph\">{\"@context\":\"https:\\\/\\\/schema.org\",\"@graph\":[{\"@type\":\"CollectionPage\",\"@id\":\"https:\\\/\\\/www.audacieuse-galerie.ch\\\/de\\\/categorie-produit\\\/kunst-und-fotogalerie-in-carouge-gleich-neben-genf-schweiz\\\/kunst-fotografie\\\/natur\\\/\",\"url\":\"https:\\\/\\\/www.audacieuse-galerie.ch\\\/de\\\/categorie-produit\\\/kunst-und-fotogalerie-in-carouge-gleich-neben-genf-schweiz\\\/kunst-fotografie\\\/natur\\\/\",\"name\":\"Natur -\",\"isPartOf\":{\"@id\":\"https:\\\/\\\/www.audacieuse-galerie.ch\\\/de\\\/#website\"},\"description\":\"Natur - Kunst und Fotogalerie in Carouge gleich neben Genf \u2013 Schweiz. - Kunst Fotografie - Natur Audacieuse-Galerie\",\"breadcrumb\":{\"@id\":\"https:\\\/\\\/www.audacieuse-galerie.ch\\\/de\\\/categorie-produit\\\/kunst-und-fotogalerie-in-carouge-gleich-neben-genf-schweiz\\\/kunst-fotografie\\\/natur\\\/#breadcrumb\"},\"inLanguage\":\"de\"},{\"@type\":\"BreadcrumbList\",\"@id\":\"https:\\\/\\\/www.audacieuse-galerie.ch\\\/de\\\/categorie-produit\\\/kunst-und-fotogalerie-in-carouge-gleich-neben-genf-schweiz\\\/kunst-fotografie\\\/natur\\\/#breadcrumb\",\"itemListElement\":[{\"@type\":\"ListItem\",\"position\":1,\"name\":\"Heim\",\"item\":\"https:\\\/\\\/www.audacieuse-galerie.ch\\\/de\\\/\"},{\"@type\":\"ListItem\",\"position\":2,\"name\":\"Kunst und Fotogalerie in Carouge gleich neben Genf \u2013 Schweiz.\",\"item\":\"https:\\\/\\\/www.audacieuse-galerie.ch\\\/de\\\/categorie-produit\\\/kunst-und-fotogalerie-in-carouge-gleich-neben-genf-schweiz\\\/\"},{\"@type\":\"ListItem\",\"position\":3,\"name\":\"Kunst Fotografie\",\"item\":\"https:\\\/\\\/www.audacieuse-galerie.ch\\\/de\\\/categorie-produit\\\/kunst-und-fotogalerie-in-carouge-gleich-neben-genf-schweiz\\\/kunst-fotografie\\\/\"},{\"@type\":\"ListItem\",\"position\":4,\"name\":\"Natur\"}]},{\"@type\":\"WebSite\",\"@id\":\"https:\\\/\\\/www.audacieuse-galerie.ch\\\/de\\\/#website\",\"url\":\"https:\\\/\\\/www.audacieuse-galerie.ch\\\/de\\\/\",\"name\":\"Audacieuse-Galerie\",\"description\":\"Mode et Images\",\"potentialAction\":[{\"@type\":\"SearchAction\",\"target\":{\"@type\":\"EntryPoint\",\"urlTemplate\":\"https:\\\/\\\/www.audacieuse-galerie.ch\\\/de\\\/?s={search_term_string}\"},\"query-input\":{\"@type\":\"PropertyValueSpecification\",\"valueRequired\":true,\"valueName\":\"search_term_string\"}}],\"inLanguage\":\"de\"}]}<\/script>\n<!-- \/ Yoast SEO plugin. -->","yoast_head_json":{"title":"Natur -","description":"Natur - Kunst und Fotogalerie in Carouge gleich neben Genf \u2013 Schweiz. - Kunst Fotografie - Natur Audacieuse-Galerie","robots":{"index":"index","follow":"follow","max-snippet":"max-snippet:-1","max-image-preview":"max-image-preview:large","max-video-preview":"max-video-preview:-1"},"canonical":"https:\/\/www.audacieuse-galerie.ch\/de\/categorie-produit\/kunst-und-fotogalerie-in-carouge-gleich-neben-genf-schweiz\/kunst-fotografie\/natur\/","og_locale":"de_DE","og_type":"article","og_title":"Natur -","og_description":"Natur - Kunst und Fotogalerie in Carouge gleich neben Genf \u2013 Schweiz. - Kunst Fotografie - Natur Audacieuse-Galerie","og_url":"https:\/\/www.audacieuse-galerie.ch\/de\/categorie-produit\/kunst-und-fotogalerie-in-carouge-gleich-neben-genf-schweiz\/kunst-fotografie\/natur\/","og_site_name":"Audacieuse-Galerie","twitter_card":"summary_large_image","schema":{"@context":"https:\/\/schema.org","@graph":[{"@type":"CollectionPage","@id":"https:\/\/www.audacieuse-galerie.ch\/de\/categorie-produit\/kunst-und-fotogalerie-in-carouge-gleich-neben-genf-schweiz\/kunst-fotografie\/natur\/","url":"https:\/\/www.audacieuse-galerie.ch\/de\/categorie-produit\/kunst-und-fotogalerie-in-carouge-gleich-neben-genf-schweiz\/kunst-fotografie\/natur\/","name":"Natur -","isPartOf":{"@id":"https:\/\/www.audacieuse-galerie.ch\/de\/#website"},"description":"Natur - Kunst und Fotogalerie in Carouge gleich neben Genf \u2013 Schweiz. - Kunst Fotografie - Natur Audacieuse-Galerie","breadcrumb":{"@id":"https:\/\/www.audacieuse-galerie.ch\/de\/categorie-produit\/kunst-und-fotogalerie-in-carouge-gleich-neben-genf-schweiz\/kunst-fotografie\/natur\/#breadcrumb"},"inLanguage":"de"},{"@type":"BreadcrumbList","@id":"https:\/\/www.audacieuse-galerie.ch\/de\/categorie-produit\/kunst-und-fotogalerie-in-carouge-gleich-neben-genf-schweiz\/kunst-fotografie\/natur\/#breadcrumb","itemListElement":[{"@type":"ListItem","position":1,"name":"Heim","item":"https:\/\/www.audacieuse-galerie.ch\/de\/"},{"@type":"ListItem","position":2,"name":"Kunst und Fotogalerie in Carouge gleich neben Genf \u2013 Schweiz.","item":"https:\/\/www.audacieuse-galerie.ch\/de\/categorie-produit\/kunst-und-fotogalerie-in-carouge-gleich-neben-genf-schweiz\/"},{"@type":"ListItem","position":3,"name":"Kunst Fotografie","item":"https:\/\/www.audacieuse-galerie.ch\/de\/categorie-produit\/kunst-und-fotogalerie-in-carouge-gleich-neben-genf-schweiz\/kunst-fotografie\/"},{"@type":"ListItem","position":4,"name":"Natur"}]},{"@type":"WebSite","@id":"https:\/\/www.audacieuse-galerie.ch\/de\/#website","url":"https:\/\/www.audacieuse-galerie.ch\/de\/","name":"Audacieuse-Galerie","description":"Mode et Images","potentialAction":[{"@type":"SearchAction","target":{"@type":"EntryPoint","urlTemplate":"https:\/\/www.audacieuse-galerie.ch\/de\/?s={search_term_string}"},"query-input":{"@type":"PropertyValueSpecification","valueRequired":true,"valueName":"search_term_string"}}],"inLanguage":"de"}]}},"_links":{"self":[{"href":"https:\/\/www.audacieuse-galerie.ch\/de\/wp-json\/wp\/v2\/product_cat\/237","targetHints":{"allow":["GET"]}}],"collection":[{"href":"https:\/\/www.audacieuse-galerie.ch\/de\/wp-json\/wp\/v2\/product_cat"}],"about":[{"href":"https:\/\/www.audacieuse-galerie.ch\/de\/wp-json\/wp\/v2\/taxonomies\/product_cat"}],"up":[{"embeddable":true,"href":"https:\/\/www.audacieuse-galerie.ch\/de\/wp-json\/wp\/v2\/product_cat\/48"}],"wp:post_type":[{"href":"https:\/\/www.audacieuse-galerie.ch\/de\/wp-json\/wp\/v2\/product?product_cat=237"}],"curies":[{"name":"wp","href":"https:\/\/api.w.org\/{rel}","templated":true}]}}