{"id":1,"name":"St\u00e9phan","url":"https:\/\/woo.audacieuse-galerie.ch\/photographe-professionnel\/nos-metiers-nos-professions\/","description":"St\u00e9phan, photographer and director, began his career behind the lens before moving into documentary and advertising film production. In 2016, he founded his own studio and gallery, where striking visuals and digital marketing innovations come together. His avant-garde approach explores the boundaries of art and digital communication, brilliantly and accurately capturing the essence of the contemporary world.","link":"https:\/\/www.audacieuse-galerie.ch\/de\/author\/stephan\/","slug":"stephan","avatar_urls":{"24":"https:\/\/secure.gravatar.com\/avatar\/0a7e31760a604618ac69fbd1af3e5a766d689deab164c3f9e56d0f57485ec932?s=24&d=mm&r=g","48":"https:\/\/secure.gravatar.com\/avatar\/0a7e31760a604618ac69fbd1af3e5a766d689deab164c3f9e56d0f57485ec932?s=48&d=mm&r=g","96":"https:\/\/secure.gravatar.com\/avatar\/0a7e31760a604618ac69fbd1af3e5a766d689deab164c3f9e56d0f57485ec932?s=96&d=mm&r=g"},"meta":[],"yoast_head":"<!-- This site is optimized with the Yoast SEO plugin v27.5 - https:\/\/yoast.com\/product\/yoast-seo-wordpress\/ -->\n<title>St\u00e9phan, photographe, r\u00e9alisateur, m\u00e9diamaticien.<\/title>\n<meta name=\"description\" content=\"St\u00e9phan, photographer and director, began his career behind the lens before moving into documentary and advertising film production. In 2016, he founded his own studio and gallery, where striking visuals and digital marketing innovations come together. His avant-garde approach explores the boundaries of art and digital communication, brilliantly and accurately capturing the essence of the contemporary world.\" \/>\n<meta name=\"robots\" content=\"index, follow, max-snippet:-1, max-image-preview:large, max-video-preview:-1\" \/>\n<link rel=\"canonical\" href=\"https:\/\/www.audacieuse-galerie.ch\/de\/author\/stephan\/\" \/>\n<meta property=\"og:locale\" content=\"de_DE\" \/>\n<meta property=\"og:type\" content=\"profile\" \/>\n<meta property=\"og:title\" content=\"St\u00e9phan, photographe, r\u00e9alisateur, m\u00e9diamaticien.\" \/>\n<meta property=\"og:description\" content=\"St\u00e9phan, photographer and director, began his career behind the lens before moving into documentary and advertising film production. In 2016, he founded his own studio and gallery, where striking visuals and digital marketing innovations come together. His avant-garde approach explores the boundaries of art and digital communication, brilliantly and accurately capturing the essence of the contemporary world.\" \/>\n<meta property=\"og:url\" content=\"https:\/\/www.audacieuse-galerie.ch\/author\/stephan\/\" \/>\n<meta property=\"og:site_name\" content=\"Audacieuse-Galerie\" \/>\n<meta property=\"og:image\" content=\"https:\/\/secure.gravatar.com\/avatar\/0a7e31760a604618ac69fbd1af3e5a766d689deab164c3f9e56d0f57485ec932?s=500&d=mm&r=g\" \/>\n<meta name=\"twitter:card\" content=\"summary_large_image\" \/>\n<script type=\"application\/ld+json\" class=\"yoast-schema-graph\">{\"@context\":\"https:\\\/\\\/schema.org\",\"@graph\":[{\"@type\":\"ProfilePage\",\"@id\":\"https:\\\/\\\/www.audacieuse-galerie.ch\\\/author\\\/stephan\\\/\",\"url\":\"https:\\\/\\\/www.audacieuse-galerie.ch\\\/author\\\/stephan\\\/\",\"name\":\"St\u00e9phan, photographe, r\u00e9alisateur, m\u00e9diamaticien.\",\"isPartOf\":{\"@id\":\"https:\\\/\\\/www.audacieuse-galerie.ch\\\/de\\\/#website\"},\"description\":\"St\u00e9phan, photographer and director, began his career behind the lens before moving into documentary and advertising film production. In 2016, he founded his own studio and gallery, where striking visuals and digital marketing innovations come together. His avant-garde approach explores the boundaries of art and digital communication, brilliantly and accurately capturing the essence of the contemporary world.\",\"breadcrumb\":{\"@id\":\"https:\\\/\\\/www.audacieuse-galerie.ch\\\/author\\\/stephan\\\/#breadcrumb\"},\"inLanguage\":\"de\",\"potentialAction\":[{\"@type\":\"ReadAction\",\"target\":[\"https:\\\/\\\/www.audacieuse-galerie.ch\\\/author\\\/stephan\\\/\"]}]},{\"@type\":\"BreadcrumbList\",\"@id\":\"https:\\\/\\\/www.audacieuse-galerie.ch\\\/author\\\/stephan\\\/#breadcrumb\",\"itemListElement\":[{\"@type\":\"ListItem\",\"position\":1,\"name\":\"Heim\",\"item\":\"https:\\\/\\\/www.audacieuse-galerie.ch\\\/de\\\/\"},{\"@type\":\"ListItem\",\"position\":2,\"name\":\"Archives for St\u00e9phan\"}]},{\"@type\":\"WebSite\",\"@id\":\"https:\\\/\\\/www.audacieuse-galerie.ch\\\/de\\\/#website\",\"url\":\"https:\\\/\\\/www.audacieuse-galerie.ch\\\/de\\\/\",\"name\":\"Audacieuse-Galerie\",\"description\":\"Mode et Images\",\"potentialAction\":[{\"@type\":\"SearchAction\",\"target\":{\"@type\":\"EntryPoint\",\"urlTemplate\":\"https:\\\/\\\/www.audacieuse-galerie.ch\\\/de\\\/?s={search_term_string}\"},\"query-input\":{\"@type\":\"PropertyValueSpecification\",\"valueRequired\":true,\"valueName\":\"search_term_string\"}}],\"inLanguage\":\"de\"},{\"@type\":\"Person\",\"@id\":\"https:\\\/\\\/www.audacieuse-galerie.ch\\\/de\\\/#\\\/schema\\\/person\\\/486419dd5878c49936c00de9a46a5df3\",\"name\":\"St\u00e9phan\",\"image\":{\"@type\":\"ImageObject\",\"inLanguage\":\"de\",\"@id\":\"https:\\\/\\\/secure.gravatar.com\\\/avatar\\\/0a7e31760a604618ac69fbd1af3e5a766d689deab164c3f9e56d0f57485ec932?s=96&d=mm&r=g\",\"url\":\"https:\\\/\\\/secure.gravatar.com\\\/avatar\\\/0a7e31760a604618ac69fbd1af3e5a766d689deab164c3f9e56d0f57485ec932?s=96&d=mm&r=g\",\"contentUrl\":\"https:\\\/\\\/secure.gravatar.com\\\/avatar\\\/0a7e31760a604618ac69fbd1af3e5a766d689deab164c3f9e56d0f57485ec932?s=96&d=mm&r=g\",\"caption\":\"St\u00e9phan\"},\"description\":\"St\u00e9phan, photographer and director, began his career behind the lens before moving into documentary and advertising film production. In 2016, he founded his own studio and gallery, where striking visuals and digital marketing innovations come together. His avant-garde approach explores the boundaries of art and digital communication, brilliantly and accurately capturing the essence of the contemporary world.\",\"sameAs\":[\"https:\\\/\\\/woo.audacieuse-galerie.ch\\\/photographe-professionnel\\\/nos-metiers-nos-professions\\\/\"],\"mainEntityOfPage\":{\"@id\":\"https:\\\/\\\/www.audacieuse-galerie.ch\\\/author\\\/stephan\\\/\"}}]}<\/script>\n<!-- \/ Yoast SEO plugin. -->","yoast_head_json":{"title":"St\u00e9phan, photographe, r\u00e9alisateur, m\u00e9diamaticien.","description":"St\u00e9phan, photographer and director, began his career behind the lens before moving into documentary and advertising film production. In 2016, he founded his own studio and gallery, where striking visuals and digital marketing innovations come together. His avant-garde approach explores the boundaries of art and digital communication, brilliantly and accurately capturing the essence of the contemporary world.","robots":{"index":"index","follow":"follow","max-snippet":"max-snippet:-1","max-image-preview":"max-image-preview:large","max-video-preview":"max-video-preview:-1"},"canonical":"https:\/\/www.audacieuse-galerie.ch\/de\/author\/stephan\/","og_locale":"de_DE","og_type":"profile","og_title":"St\u00e9phan, photographe, r\u00e9alisateur, m\u00e9diamaticien.","og_description":"St\u00e9phan, photographer and director, began his career behind the lens before moving into documentary and advertising film production. In 2016, he founded his own studio and gallery, where striking visuals and digital marketing innovations come together. His avant-garde approach explores the boundaries of art and digital communication, brilliantly and accurately capturing the essence of the contemporary world.","og_url":"https:\/\/www.audacieuse-galerie.ch\/author\/stephan\/","og_site_name":"Audacieuse-Galerie","og_image":[{"url":"https:\/\/secure.gravatar.com\/avatar\/0a7e31760a604618ac69fbd1af3e5a766d689deab164c3f9e56d0f57485ec932?s=500&d=mm&r=g","type":"","width":"","height":""}],"twitter_card":"summary_large_image","schema":{"@context":"https:\/\/schema.org","@graph":[{"@type":"ProfilePage","@id":"https:\/\/www.audacieuse-galerie.ch\/author\/stephan\/","url":"https:\/\/www.audacieuse-galerie.ch\/author\/stephan\/","name":"St\u00e9phan, photographe, r\u00e9alisateur, m\u00e9diamaticien.","isPartOf":{"@id":"https:\/\/www.audacieuse-galerie.ch\/de\/#website"},"description":"St\u00e9phan, photographer and director, began his career behind the lens before moving into documentary and advertising film production. In 2016, he founded his own studio and gallery, where striking visuals and digital marketing innovations come together. His avant-garde approach explores the boundaries of art and digital communication, brilliantly and accurately capturing the essence of the contemporary world.","breadcrumb":{"@id":"https:\/\/www.audacieuse-galerie.ch\/author\/stephan\/#breadcrumb"},"inLanguage":"de","potentialAction":[{"@type":"ReadAction","target":["https:\/\/www.audacieuse-galerie.ch\/author\/stephan\/"]}]},{"@type":"BreadcrumbList","@id":"https:\/\/www.audacieuse-galerie.ch\/author\/stephan\/#breadcrumb","itemListElement":[{"@type":"ListItem","position":1,"name":"Heim","item":"https:\/\/www.audacieuse-galerie.ch\/de\/"},{"@type":"ListItem","position":2,"name":"Archives for St\u00e9phan"}]},{"@type":"WebSite","@id":"https:\/\/www.audacieuse-galerie.ch\/de\/#website","url":"https:\/\/www.audacieuse-galerie.ch\/de\/","name":"Audacieuse-Galerie","description":"Mode et Images","potentialAction":[{"@type":"SearchAction","target":{"@type":"EntryPoint","urlTemplate":"https:\/\/www.audacieuse-galerie.ch\/de\/?s={search_term_string}"},"query-input":{"@type":"PropertyValueSpecification","valueRequired":true,"valueName":"search_term_string"}}],"inLanguage":"de"},{"@type":"Person","@id":"https:\/\/www.audacieuse-galerie.ch\/de\/#\/schema\/person\/486419dd5878c49936c00de9a46a5df3","name":"St\u00e9phan","image":{"@type":"ImageObject","inLanguage":"de","@id":"https:\/\/secure.gravatar.com\/avatar\/0a7e31760a604618ac69fbd1af3e5a766d689deab164c3f9e56d0f57485ec932?s=96&d=mm&r=g","url":"https:\/\/secure.gravatar.com\/avatar\/0a7e31760a604618ac69fbd1af3e5a766d689deab164c3f9e56d0f57485ec932?s=96&d=mm&r=g","contentUrl":"https:\/\/secure.gravatar.com\/avatar\/0a7e31760a604618ac69fbd1af3e5a766d689deab164c3f9e56d0f57485ec932?s=96&d=mm&r=g","caption":"St\u00e9phan"},"description":"St\u00e9phan, photographer and director, began his career behind the lens before moving into documentary and advertising film production. In 2016, he founded his own studio and gallery, where striking visuals and digital marketing innovations come together. His avant-garde approach explores the boundaries of art and digital communication, brilliantly and accurately capturing the essence of the contemporary world.","sameAs":["https:\/\/woo.audacieuse-galerie.ch\/photographe-professionnel\/nos-metiers-nos-professions\/"],"mainEntityOfPage":{"@id":"https:\/\/www.audacieuse-galerie.ch\/author\/stephan\/"}}]}},"is_super_admin":true,"woocommerce_meta":{"variable_product_tour_shown":"\"yes\"","activity_panel_inbox_last_read":"","activity_panel_reviews_last_read":"","categories_report_columns":"","coupons_report_columns":"","customers_report_columns":"","orders_report_columns":"","products_report_columns":"","revenue_report_columns":"","taxes_report_columns":"","variations_report_columns":"","dashboard_sections":"","dashboard_chart_type":"","dashboard_chart_interval":"quarter","dashboard_leaderboard_rows":"","order_attribution_install_banner_dismissed":"","scheduled_updates_promotion_notice_dismissed":"","homepage_layout":"","homepage_stats":"{\"installJetpackDismissed\":true}","task_list_tracked_started_tasks":"{\"products\":1,\"get-mobile-app\":2,\"setup-pinterest\":1,\"marketing\":1}","android_app_banner_dismissed":"","launch_your_store_tour_hidden":"yes","coming_soon_banner_dismissed":"no"},"elementor_introduction":{"ai-get-started-announcement":true,"exit_to":true,"globals_introduction":true,"ai_get_started":true,"e-ai-builder-pro-widget":true,"copilot-promotion-opt-in-feedback":true,"ai_promotion_introduction_container":true,"yoast-introduction":true,"yoast-introduction-editor-v2":true,"e-ai-product-image-unification":true,"e-editor-one-notice-pointer":true},"_links":{"self":[{"href":"https:\/\/www.audacieuse-galerie.ch\/de\/wp-json\/wp\/v2\/users\/1","targetHints":{"allow":["GET"]}}],"collection":[{"href":"https:\/\/www.audacieuse-galerie.ch\/de\/wp-json\/wp\/v2\/users"}]}}