{"id":160,"count":12,"description":"Your portrait photographer in Carouge Geneva\r\nWe will know how to enhance your portrait during the shooting. Alone or in couple, enjoy our one hour session to be more beautiful than ever. We deliver photographs only a few days after, time for us to select and slightly edit the pictures.\r\n","link":"https:\/\/www.audacieuse-galerie.ch\/en\/categorie-produit\/photographer-weddings-and-births-fashion-and-portraits-event-and-business-in-carouge-near-geneva-switzerland\/capture-the-precious-moments-of-your-life-with-our-family-photographer\/your-photographer-of-portraits\/","name":"Your photographer of portraits","slug":"your-photographer-of-portraits","taxonomy":"product_cat","parent":52,"meta":[],"menu_order":0,"yoast_head":"<!-- This site is optimized with the Yoast SEO plugin v27.5 - https:\/\/yoast.com\/product\/yoast-seo-wordpress\/ -->\n<title>Your photographer of portraits -<\/title>\n<meta name=\"description\" content=\"Boostez votre image avec un portrait unique et personnalis\u00e9, qu\u2019il soit corporate, en nature, en studio ou boudoir. D\u00e9couvrez notre photographe sp\u00e9cialis\u00e9 pour une s\u00e9ance portrait qui valorise votre personnalit\u00e9 et renforce votre pr\u00e9sence en ligne.\" \/>\n<meta name=\"robots\" content=\"index, follow, max-snippet:-1, max-image-preview:large, max-video-preview:-1\" \/>\n<link rel=\"canonical\" href=\"https:\/\/www.audacieuse-galerie.ch\/en\/categorie-produit\/photographer-weddings-and-births-fashion-and-portraits-event-and-business-in-carouge-near-geneva-switzerland\/capture-the-precious-moments-of-your-life-with-our-family-photographer\/your-photographer-of-portraits\/\" \/>\n<meta property=\"og:locale\" content=\"en_US\" \/>\n<meta property=\"og:type\" content=\"article\" \/>\n<meta property=\"og:title\" content=\"Your photographer of portraits -\" \/>\n<meta property=\"og:description\" content=\"Boostez votre image avec un portrait unique et personnalis\u00e9, qu\u2019il soit corporate, en nature, en studio ou boudoir. D\u00e9couvrez notre photographe sp\u00e9cialis\u00e9 pour une s\u00e9ance portrait qui valorise votre personnalit\u00e9 et renforce votre pr\u00e9sence en ligne.\" \/>\n<meta property=\"og:url\" content=\"https:\/\/www.audacieuse-galerie.ch\/en\/categorie-produit\/photographer-weddings-and-births-fashion-and-portraits-event-and-business-in-carouge-near-geneva-switzerland\/capture-the-precious-moments-of-your-life-with-our-family-photographer\/your-photographer-of-portraits\/\" \/>\n<meta property=\"og:site_name\" content=\"Audacieuse-Galerie\" \/>\n<meta name=\"twitter:card\" content=\"summary_large_image\" \/>\n<script type=\"application\/ld+json\" class=\"yoast-schema-graph\">{\"@context\":\"https:\\\/\\\/schema.org\",\"@graph\":[{\"@type\":\"CollectionPage\",\"@id\":\"https:\\\/\\\/www.audacieuse-galerie.ch\\\/en\\\/categorie-produit\\\/photographer-weddings-and-births-fashion-and-portraits-event-and-business-in-carouge-near-geneva-switzerland\\\/capture-the-precious-moments-of-your-life-with-our-family-photographer\\\/your-photographer-of-portraits\\\/\",\"url\":\"https:\\\/\\\/www.audacieuse-galerie.ch\\\/en\\\/categorie-produit\\\/photographer-weddings-and-births-fashion-and-portraits-event-and-business-in-carouge-near-geneva-switzerland\\\/capture-the-precious-moments-of-your-life-with-our-family-photographer\\\/your-photographer-of-portraits\\\/\",\"name\":\"Your photographer of portraits -\",\"isPartOf\":{\"@id\":\"https:\\\/\\\/www.audacieuse-galerie.ch\\\/en\\\/#website\"},\"description\":\"Boostez votre image avec un portrait unique et personnalis\u00e9, qu\u2019il soit corporate, en nature, en studio ou boudoir. D\u00e9couvrez notre photographe sp\u00e9cialis\u00e9 pour une s\u00e9ance portrait qui valorise votre personnalit\u00e9 et renforce votre pr\u00e9sence en ligne.\",\"breadcrumb\":{\"@id\":\"https:\\\/\\\/www.audacieuse-galerie.ch\\\/en\\\/categorie-produit\\\/photographer-weddings-and-births-fashion-and-portraits-event-and-business-in-carouge-near-geneva-switzerland\\\/capture-the-precious-moments-of-your-life-with-our-family-photographer\\\/your-photographer-of-portraits\\\/#breadcrumb\"},\"inLanguage\":\"en-US\"},{\"@type\":\"BreadcrumbList\",\"@id\":\"https:\\\/\\\/www.audacieuse-galerie.ch\\\/en\\\/categorie-produit\\\/photographer-weddings-and-births-fashion-and-portraits-event-and-business-in-carouge-near-geneva-switzerland\\\/capture-the-precious-moments-of-your-life-with-our-family-photographer\\\/your-photographer-of-portraits\\\/#breadcrumb\",\"itemListElement\":[{\"@type\":\"ListItem\",\"position\":1,\"name\":\"Home\",\"item\":\"https:\\\/\\\/www.audacieuse-galerie.ch\\\/en\\\/\"},{\"@type\":\"ListItem\",\"position\":2,\"name\":\"Photographer weddings and births, fashion and portraits, event and business in Carouge near Geneva \u2013 Switzerland.\",\"item\":\"https:\\\/\\\/www.audacieuse-galerie.ch\\\/en\\\/categorie-produit\\\/photographer-weddings-and-births-fashion-and-portraits-event-and-business-in-carouge-near-geneva-switzerland\\\/\"},{\"@type\":\"ListItem\",\"position\":3,\"name\":\"Capture the precious moments of your life with our family photographer.\",\"item\":\"https:\\\/\\\/www.audacieuse-galerie.ch\\\/en\\\/categorie-produit\\\/photographer-weddings-and-births-fashion-and-portraits-event-and-business-in-carouge-near-geneva-switzerland\\\/capture-the-precious-moments-of-your-life-with-our-family-photographer\\\/\"},{\"@type\":\"ListItem\",\"position\":4,\"name\":\"Your photographer of portraits\"}]},{\"@type\":\"WebSite\",\"@id\":\"https:\\\/\\\/www.audacieuse-galerie.ch\\\/en\\\/#website\",\"url\":\"https:\\\/\\\/www.audacieuse-galerie.ch\\\/en\\\/\",\"name\":\"Audacieuse-Galerie\",\"description\":\"Mode et Images\",\"potentialAction\":[{\"@type\":\"SearchAction\",\"target\":{\"@type\":\"EntryPoint\",\"urlTemplate\":\"https:\\\/\\\/www.audacieuse-galerie.ch\\\/en\\\/?s={search_term_string}\"},\"query-input\":{\"@type\":\"PropertyValueSpecification\",\"valueRequired\":true,\"valueName\":\"search_term_string\"}}],\"inLanguage\":\"en-US\"}]}<\/script>\n<!-- \/ Yoast SEO plugin. -->","yoast_head_json":{"title":"Your photographer of portraits -","description":"Boostez votre image avec un portrait unique et personnalis\u00e9, qu\u2019il soit corporate, en nature, en studio ou boudoir. D\u00e9couvrez notre photographe sp\u00e9cialis\u00e9 pour une s\u00e9ance portrait qui valorise votre personnalit\u00e9 et renforce votre pr\u00e9sence en ligne.","robots":{"index":"index","follow":"follow","max-snippet":"max-snippet:-1","max-image-preview":"max-image-preview:large","max-video-preview":"max-video-preview:-1"},"canonical":"https:\/\/www.audacieuse-galerie.ch\/en\/categorie-produit\/photographer-weddings-and-births-fashion-and-portraits-event-and-business-in-carouge-near-geneva-switzerland\/capture-the-precious-moments-of-your-life-with-our-family-photographer\/your-photographer-of-portraits\/","og_locale":"en_US","og_type":"article","og_title":"Your photographer of portraits -","og_description":"Boostez votre image avec un portrait unique et personnalis\u00e9, qu\u2019il soit corporate, en nature, en studio ou boudoir. D\u00e9couvrez notre photographe sp\u00e9cialis\u00e9 pour une s\u00e9ance portrait qui valorise votre personnalit\u00e9 et renforce votre pr\u00e9sence en ligne.","og_url":"https:\/\/www.audacieuse-galerie.ch\/en\/categorie-produit\/photographer-weddings-and-births-fashion-and-portraits-event-and-business-in-carouge-near-geneva-switzerland\/capture-the-precious-moments-of-your-life-with-our-family-photographer\/your-photographer-of-portraits\/","og_site_name":"Audacieuse-Galerie","twitter_card":"summary_large_image","schema":{"@context":"https:\/\/schema.org","@graph":[{"@type":"CollectionPage","@id":"https:\/\/www.audacieuse-galerie.ch\/en\/categorie-produit\/photographer-weddings-and-births-fashion-and-portraits-event-and-business-in-carouge-near-geneva-switzerland\/capture-the-precious-moments-of-your-life-with-our-family-photographer\/your-photographer-of-portraits\/","url":"https:\/\/www.audacieuse-galerie.ch\/en\/categorie-produit\/photographer-weddings-and-births-fashion-and-portraits-event-and-business-in-carouge-near-geneva-switzerland\/capture-the-precious-moments-of-your-life-with-our-family-photographer\/your-photographer-of-portraits\/","name":"Your photographer of portraits -","isPartOf":{"@id":"https:\/\/www.audacieuse-galerie.ch\/en\/#website"},"description":"Boostez votre image avec un portrait unique et personnalis\u00e9, qu\u2019il soit corporate, en nature, en studio ou boudoir. D\u00e9couvrez notre photographe sp\u00e9cialis\u00e9 pour une s\u00e9ance portrait qui valorise votre personnalit\u00e9 et renforce votre pr\u00e9sence en ligne.","breadcrumb":{"@id":"https:\/\/www.audacieuse-galerie.ch\/en\/categorie-produit\/photographer-weddings-and-births-fashion-and-portraits-event-and-business-in-carouge-near-geneva-switzerland\/capture-the-precious-moments-of-your-life-with-our-family-photographer\/your-photographer-of-portraits\/#breadcrumb"},"inLanguage":"en-US"},{"@type":"BreadcrumbList","@id":"https:\/\/www.audacieuse-galerie.ch\/en\/categorie-produit\/photographer-weddings-and-births-fashion-and-portraits-event-and-business-in-carouge-near-geneva-switzerland\/capture-the-precious-moments-of-your-life-with-our-family-photographer\/your-photographer-of-portraits\/#breadcrumb","itemListElement":[{"@type":"ListItem","position":1,"name":"Home","item":"https:\/\/www.audacieuse-galerie.ch\/en\/"},{"@type":"ListItem","position":2,"name":"Photographer weddings and births, fashion and portraits, event and business in Carouge near Geneva \u2013 Switzerland.","item":"https:\/\/www.audacieuse-galerie.ch\/en\/categorie-produit\/photographer-weddings-and-births-fashion-and-portraits-event-and-business-in-carouge-near-geneva-switzerland\/"},{"@type":"ListItem","position":3,"name":"Capture the precious moments of your life with our family photographer.","item":"https:\/\/www.audacieuse-galerie.ch\/en\/categorie-produit\/photographer-weddings-and-births-fashion-and-portraits-event-and-business-in-carouge-near-geneva-switzerland\/capture-the-precious-moments-of-your-life-with-our-family-photographer\/"},{"@type":"ListItem","position":4,"name":"Your photographer of portraits"}]},{"@type":"WebSite","@id":"https:\/\/www.audacieuse-galerie.ch\/en\/#website","url":"https:\/\/www.audacieuse-galerie.ch\/en\/","name":"Audacieuse-Galerie","description":"Mode et Images","potentialAction":[{"@type":"SearchAction","target":{"@type":"EntryPoint","urlTemplate":"https:\/\/www.audacieuse-galerie.ch\/en\/?s={search_term_string}"},"query-input":{"@type":"PropertyValueSpecification","valueRequired":true,"valueName":"search_term_string"}}],"inLanguage":"en-US"}]}},"_links":{"self":[{"href":"https:\/\/www.audacieuse-galerie.ch\/en\/wp-json\/wp\/v2\/product_cat\/160","targetHints":{"allow":["GET"]}}],"collection":[{"href":"https:\/\/www.audacieuse-galerie.ch\/en\/wp-json\/wp\/v2\/product_cat"}],"about":[{"href":"https:\/\/www.audacieuse-galerie.ch\/en\/wp-json\/wp\/v2\/taxonomies\/product_cat"}],"up":[{"embeddable":true,"href":"https:\/\/www.audacieuse-galerie.ch\/en\/wp-json\/wp\/v2\/product_cat\/52"}],"wp:post_type":[{"href":"https:\/\/www.audacieuse-galerie.ch\/en\/wp-json\/wp\/v2\/product?product_cat=160"}],"curies":[{"name":"wp","href":"https:\/\/api.w.org\/{rel}","templated":true}]}}